
{"id":120543,"date":"2025-02-04T08:54:48","date_gmt":"2025-02-04T11:54:48","guid":{"rendered":"https:\/\/www.sudoestehoje.com.br\/novoportal\/?p=120543"},"modified":"2025-02-04T08:55:51","modified_gmt":"2025-02-04T11:55:51","slug":"conquista-vereador-bibia-sofre-acidente-com-carro-oficial-no-bate-pe","status":"publish","type":"post","link":"https:\/\/www.sudoestehoje.com.br\/novoportal\/2025\/02\/04\/conquista-vereador-bibia-sofre-acidente-com-carro-oficial-no-bate-pe\/","title":{"rendered":"CONQUISTA | VEREADOR BIBIA SOFRE ACIDENTE COM CARRO OFICIAL NO BATE P\u00c9"},"content":{"rendered":"<p><img loading=\"lazy\" decoding=\"async\" class=\"alignnone wp-image-120544\" src=\"https:\/\/www.sudoestehoje.com.br\/novoportal\/wp-content\/uploads\/2025\/02\/ip3ZJSz.jpeg\" alt=\"\" width=\"558\" height=\"335\" \/><\/p>\n<p><strong>Na manh\u00e3 desta ter\u00e7a-feira, o vereador Edjaime Rosa de Carvalho, popularmente conhecido como Bibia, sofreu um acidente no Distrito de Bate-P\u00e9, Zona Rural de Vit\u00f3ria da Conquista. O parlamentar, filiado ao Uni\u00e3o Brasil e com 71 anos, perdeu o controle do carro oficial, um Volkswagen Gol, que acabou capotando durante o acidente.<\/strong><\/p>\n<p><strong>De acordo com informa\u00e7\u00f5es de familiares, o acidente n\u00e3o apresentou consequ\u00eancias graves.<em> \u201cEle machucou a clav\u00edcula, mas est\u00e1 \u00f3timo\u201d<\/em>, afirmou um parente pr\u00f3ximo, aliviando as preocupa\u00e7\u00f5es sobre a sa\u00fade de Bibia. O vereador passar\u00e1 por uma avalia\u00e7\u00e3o m\u00e9dica para confirmar que n\u00e3o haja complica\u00e7\u00f5es decorrentes do ocorrido.<\/strong><\/p>\n<p><strong>Imagens divulgadas pelas redes sociais mostram o estado do ve\u00edculo oficial, que sofreu danos consider\u00e1veis ap\u00f3s o capotamento. As autoridades locais e a equipe da C\u00e2mara Municipal de Vit\u00f3ria da Conquista acompanham o caso, que, apesar de alarmante, n\u00e3o deve comprometer as atividades do parlamentar.<\/strong><\/p>\n","protected":false},"excerpt":{"rendered":"<p>Na manh\u00e3 desta ter\u00e7a-feira, o vereador Edjaime Rosa de Carvalho, popularmente conhecido como Bibia, sofreu um acidente no Distrito de Bate-P\u00e9, Zona Rural de Vit\u00f3ria da Conquista. O parlamentar, filiado ao Uni\u00e3o Brasil e com 71 anos, perdeu o controle do carro oficial, um Volkswagen Gol, que acabou capotando durante o acidente. De acordo com [&hellip;]<\/p>\n","protected":false},"author":2,"featured_media":120544,"comment_status":"closed","ping_status":"open","sticky":false,"template":"","format":"standard","meta":{"footnotes":"","_links_to":"","_links_to_target":""},"categories":[1],"tags":[],"class_list":["post-120543","post","type-post","status-publish","format-standard","has-post-thumbnail","hentry","category-geral"],"views":851,"_links":{"self":[{"href":"https:\/\/www.sudoestehoje.com.br\/novoportal\/wp-json\/wp\/v2\/posts\/120543","targetHints":{"allow":["GET"]}}],"collection":[{"href":"https:\/\/www.sudoestehoje.com.br\/novoportal\/wp-json\/wp\/v2\/posts"}],"about":[{"href":"https:\/\/www.sudoestehoje.com.br\/novoportal\/wp-json\/wp\/v2\/types\/post"}],"author":[{"embeddable":true,"href":"https:\/\/www.sudoestehoje.com.br\/novoportal\/wp-json\/wp\/v2\/users\/2"}],"replies":[{"embeddable":true,"href":"https:\/\/www.sudoestehoje.com.br\/novoportal\/wp-json\/wp\/v2\/comments?post=120543"}],"version-history":[{"count":3,"href":"https:\/\/www.sudoestehoje.com.br\/novoportal\/wp-json\/wp\/v2\/posts\/120543\/revisions"}],"predecessor-version":[{"id":120547,"href":"https:\/\/www.sudoestehoje.com.br\/novoportal\/wp-json\/wp\/v2\/posts\/120543\/revisions\/120547"}],"wp:featuredmedia":[{"embeddable":true,"href":"https:\/\/www.sudoestehoje.com.br\/novoportal\/wp-json\/wp\/v2\/media\/120544"}],"wp:attachment":[{"href":"https:\/\/www.sudoestehoje.com.br\/novoportal\/wp-json\/wp\/v2\/media?parent=120543"}],"wp:term":[{"taxonomy":"category","embeddable":true,"href":"https:\/\/www.sudoestehoje.com.br\/novoportal\/wp-json\/wp\/v2\/categories?post=120543"},{"taxonomy":"post_tag","embeddable":true,"href":"https:\/\/www.sudoestehoje.com.br\/novoportal\/wp-json\/wp\/v2\/tags?post=120543"}],"curies":[{"name":"wp","href":"https:\/\/api.w.org\/{rel}","templated":true}]}}