
{"id":120535,"date":"2025-02-03T10:48:42","date_gmt":"2025-02-03T13:48:42","guid":{"rendered":"https:\/\/www.sudoestehoje.com.br\/novoportal\/?p=120535"},"modified":"2025-02-03T10:48:42","modified_gmt":"2025-02-03T13:48:42","slug":"ana-maria-braga-e-internada-apos-ser-picada-por-escorpiao-em-fazenda","status":"publish","type":"post","link":"https:\/\/www.sudoestehoje.com.br\/novoportal\/2025\/02\/03\/ana-maria-braga-e-internada-apos-ser-picada-por-escorpiao-em-fazenda\/","title":{"rendered":"ANA MARIA BRAGA \u00c9 INTERNADA AP\u00d3S SER PICADA POR ESCORPI\u00c3O EM FAZENDA"},"content":{"rendered":"<p><img loading=\"lazy\" decoding=\"async\" class=\"alignnone  wp-image-120538\" src=\"https:\/\/www.sudoestehoje.com.br\/novoportal\/wp-content\/uploads\/2025\/02\/download-1.jpeg\" alt=\"\" width=\"561\" height=\"420\" \/><\/p>\n<p><strong>A apresentadora Ana Maria Braga foi internada na noite de s\u00e1bado (1) ap\u00f3s ser picada por um escorpi\u00e3o enquanto caminhava em sua fazenda, localizada em Bofete, no interior de S\u00e3o Paulo. De acordo com a Quem, a assessoria de imprensa da apresentadora comunicou que Ana Maria pisou no animal durante a caminhada.<\/strong><\/p>\n<p><strong>Ap\u00f3s o incidente, ela foi atendida no Pronto Socorro do Hospital das Cl\u00ednicas de Botucatu e j\u00e1 recebeu alta. A assessoria informou que \u201dimediatamente procurou atendimento m\u00e9dico e recebeu os cuidados necess\u00e1rios. Est\u00e1 bem e em casa\u201d.<\/strong><\/p>\n<p><strong>Ana Maria Braga estava passando o fim de semana na fazenda, conhecida como Fazenda Primavera, onde possui 376 hectares, cultiva flores, uma horta, e tamb\u00e9m cria gado e planta caf\u00e9. Recentemente, a apresentadora compartilhou v\u00eddeos nas redes sociais mostrando o local e suas atividades.<\/strong><\/p>\n","protected":false},"excerpt":{"rendered":"<p>A apresentadora Ana Maria Braga foi internada na noite de s\u00e1bado (1) ap\u00f3s ser picada por um escorpi\u00e3o enquanto caminhava em sua fazenda, localizada em Bofete, no interior de S\u00e3o Paulo. De acordo com a Quem, a assessoria de imprensa da apresentadora comunicou que Ana Maria pisou no animal durante a caminhada. Ap\u00f3s o incidente, [&hellip;]<\/p>\n","protected":false},"author":2,"featured_media":120538,"comment_status":"closed","ping_status":"open","sticky":false,"template":"","format":"standard","meta":{"footnotes":"","_links_to":"","_links_to_target":""},"categories":[1],"tags":[],"class_list":["post-120535","post","type-post","status-publish","format-standard","has-post-thumbnail","hentry","category-geral"],"views":619,"_links":{"self":[{"href":"https:\/\/www.sudoestehoje.com.br\/novoportal\/wp-json\/wp\/v2\/posts\/120535","targetHints":{"allow":["GET"]}}],"collection":[{"href":"https:\/\/www.sudoestehoje.com.br\/novoportal\/wp-json\/wp\/v2\/posts"}],"about":[{"href":"https:\/\/www.sudoestehoje.com.br\/novoportal\/wp-json\/wp\/v2\/types\/post"}],"author":[{"embeddable":true,"href":"https:\/\/www.sudoestehoje.com.br\/novoportal\/wp-json\/wp\/v2\/users\/2"}],"replies":[{"embeddable":true,"href":"https:\/\/www.sudoestehoje.com.br\/novoportal\/wp-json\/wp\/v2\/comments?post=120535"}],"version-history":[{"count":3,"href":"https:\/\/www.sudoestehoje.com.br\/novoportal\/wp-json\/wp\/v2\/posts\/120535\/revisions"}],"predecessor-version":[{"id":120539,"href":"https:\/\/www.sudoestehoje.com.br\/novoportal\/wp-json\/wp\/v2\/posts\/120535\/revisions\/120539"}],"wp:featuredmedia":[{"embeddable":true,"href":"https:\/\/www.sudoestehoje.com.br\/novoportal\/wp-json\/wp\/v2\/media\/120538"}],"wp:attachment":[{"href":"https:\/\/www.sudoestehoje.com.br\/novoportal\/wp-json\/wp\/v2\/media?parent=120535"}],"wp:term":[{"taxonomy":"category","embeddable":true,"href":"https:\/\/www.sudoestehoje.com.br\/novoportal\/wp-json\/wp\/v2\/categories?post=120535"},{"taxonomy":"post_tag","embeddable":true,"href":"https:\/\/www.sudoestehoje.com.br\/novoportal\/wp-json\/wp\/v2\/tags?post=120535"}],"curies":[{"name":"wp","href":"https:\/\/api.w.org\/{rel}","templated":true}]}}