
{"id":120512,"date":"2025-01-31T09:39:41","date_gmt":"2025-01-31T12:39:41","guid":{"rendered":"https:\/\/www.sudoestehoje.com.br\/novoportal\/?p=120512"},"modified":"2025-01-31T10:42:06","modified_gmt":"2025-01-31T13:42:06","slug":"itapetinga-construcao-da-policlinica-preserva-espaco-para-campo-de-futebol-no-americo-nogueira","status":"publish","type":"post","link":"https:\/\/www.sudoestehoje.com.br\/novoportal\/2025\/01\/31\/itapetinga-construcao-da-policlinica-preserva-espaco-para-campo-de-futebol-no-americo-nogueira\/","title":{"rendered":"ITAPETINGA | CONSTRU\u00c7\u00c3O DA POLICL\u00cdNICA PRESERVA ESPA\u00c7O PARA CAMPO DE FUTEBOL NO AM\u00c9RICO NOGUEIRA"},"content":{"rendered":"<p><strong> <img loading=\"lazy\" decoding=\"async\" class=\"alignnone wp-image-120515\" src=\"https:\/\/www.sudoestehoje.com.br\/novoportal\/wp-content\/uploads\/2025\/01\/Imagem-do-WhatsApp-de-2025-01-31-as-09.13.47_fd721348-1.jpg\" alt=\"\" width=\"600\" height=\"391\" \/><\/strong><\/p>\n<p><strong>A constru\u00e7\u00e3o da Policl\u00ednica Regional de Itapetinga, entre os bairros Quintas do Morumbi e Am\u00e9rico Nogueira, acolhida com euforia pela popula\u00e7\u00e3o dessas localidades, n\u00e3o deixou de gerar pol\u00eamica, uma vez que o terreno onde ser\u00e1 edificado o importante equipamento de sa\u00fade vem sendo utilizado, h\u00e1 anos, como campo de futebol pelos desportista da \u00e1rea.<\/strong><\/p>\n<p><strong>No intuito de colaborar com os interesses dos moradores, o Sudoeste Hoje buscou explica\u00e7\u00f5es para a quest\u00e3o e recebeu da construtora a seguinte explica\u00e7\u00e3o; &#8220;o terreno \u00e9 grande e ser\u00e1 ocupado parcialmente pela Policl\u00ednica, restando espa\u00e7o suficiente para um campo de futebol e outros equipamentos de lazer&#8221;.<\/strong><\/p>\n<p><strong>H\u00e1, inclusive, a possibilidade de constru\u00e7\u00e3o pelo governo ou prefeitura, de um Centro Poliesportivo no local ou at\u00e9 uma Casa de Acolhimento para hospedagem de acompanhantes dos pacientes internados na Policl\u00ednica, oriundos de outras cidades.<\/strong><\/p>\n<p><strong>Por Davi Ferraz\u00a0<\/strong><\/p>\n<p><img loading=\"lazy\" decoding=\"async\" class=\"alignnone  wp-image-120415\" src=\"https:\/\/www.sudoestehoje.com.br\/novoportal\/wp-content\/uploads\/2024\/04\/Imagem-do-WhatsApp-de-2025-01-24-as-19.13.41_59cea459.jpg\" alt=\"\" width=\"600\" height=\"242\" \/><\/p>\n","protected":false},"excerpt":{"rendered":"<p>A constru\u00e7\u00e3o da Policl\u00ednica Regional de Itapetinga, entre os bairros Quintas do Morumbi e Am\u00e9rico Nogueira, acolhida com euforia pela popula\u00e7\u00e3o dessas localidades, n\u00e3o deixou de gerar pol\u00eamica, uma vez que o terreno onde ser\u00e1 edificado o importante equipamento de sa\u00fade vem sendo utilizado, h\u00e1 anos, como campo de futebol pelos desportista da \u00e1rea. No [&hellip;]<\/p>\n","protected":false},"author":2,"featured_media":120515,"comment_status":"closed","ping_status":"open","sticky":false,"template":"","format":"standard","meta":{"footnotes":"","_links_to":"","_links_to_target":""},"categories":[1],"tags":[],"class_list":["post-120512","post","type-post","status-publish","format-standard","has-post-thumbnail","hentry","category-geral"],"views":842,"_links":{"self":[{"href":"https:\/\/www.sudoestehoje.com.br\/novoportal\/wp-json\/wp\/v2\/posts\/120512","targetHints":{"allow":["GET"]}}],"collection":[{"href":"https:\/\/www.sudoestehoje.com.br\/novoportal\/wp-json\/wp\/v2\/posts"}],"about":[{"href":"https:\/\/www.sudoestehoje.com.br\/novoportal\/wp-json\/wp\/v2\/types\/post"}],"author":[{"embeddable":true,"href":"https:\/\/www.sudoestehoje.com.br\/novoportal\/wp-json\/wp\/v2\/users\/2"}],"replies":[{"embeddable":true,"href":"https:\/\/www.sudoestehoje.com.br\/novoportal\/wp-json\/wp\/v2\/comments?post=120512"}],"version-history":[{"count":5,"href":"https:\/\/www.sudoestehoje.com.br\/novoportal\/wp-json\/wp\/v2\/posts\/120512\/revisions"}],"predecessor-version":[{"id":120519,"href":"https:\/\/www.sudoestehoje.com.br\/novoportal\/wp-json\/wp\/v2\/posts\/120512\/revisions\/120519"}],"wp:featuredmedia":[{"embeddable":true,"href":"https:\/\/www.sudoestehoje.com.br\/novoportal\/wp-json\/wp\/v2\/media\/120515"}],"wp:attachment":[{"href":"https:\/\/www.sudoestehoje.com.br\/novoportal\/wp-json\/wp\/v2\/media?parent=120512"}],"wp:term":[{"taxonomy":"category","embeddable":true,"href":"https:\/\/www.sudoestehoje.com.br\/novoportal\/wp-json\/wp\/v2\/categories?post=120512"},{"taxonomy":"post_tag","embeddable":true,"href":"https:\/\/www.sudoestehoje.com.br\/novoportal\/wp-json\/wp\/v2\/tags?post=120512"}],"curies":[{"name":"wp","href":"https:\/\/api.w.org\/{rel}","templated":true}]}}