
{"id":120501,"date":"2025-01-30T12:55:02","date_gmt":"2025-01-30T15:55:02","guid":{"rendered":"https:\/\/www.sudoestehoje.com.br\/novoportal\/?p=120501"},"modified":"2025-01-30T12:55:02","modified_gmt":"2025-01-30T15:55:02","slug":"politica-vereador-valquirao-reafirma-compromisso-com-a-gestao-de-eduardo-hagge","status":"publish","type":"post","link":"https:\/\/www.sudoestehoje.com.br\/novoportal\/2025\/01\/30\/politica-vereador-valquirao-reafirma-compromisso-com-a-gestao-de-eduardo-hagge\/","title":{"rendered":"POL\u00cdTICA | VEREADOR VALQUIR\u00c3O REAFIRMA COMPROMISSO COM A GEST\u00c3O DE EDUARDO HAGGE"},"content":{"rendered":"<p><img loading=\"lazy\" decoding=\"async\" class=\"alignnone  wp-image-120503\" src=\"https:\/\/www.sudoestehoje.com.br\/novoportal\/wp-content\/uploads\/2025\/01\/Imagem-do-WhatsApp-de-2025-01-30-as-12.47.40_53fd2dc7.jpg\" alt=\"\" width=\"561\" height=\"316\" \/><\/p>\n<p><strong>Recebido no gabinete do prefeito, na manh\u00e3 desta quinta-feira (30), o vereador Valqu\u00edrio Lima (MDB) reafirmou o seu compromisso pol\u00edtico e administrativo com a gest\u00e3o do prefeito Rodrigo Hagge, rec\u00e9m empossado como gestor municipal..<\/strong><\/p>\n<p><strong>Experiente e articulado, o vereador Valquir\u00e3o aproveitou o encontro com o chefe do executivo para apresentar algumas demandas dos bairros que representa e demonstrou otimismo na condu\u00e7\u00e3o do munic\u00edpio, durante a gest\u00e3o de Eduardo.<\/strong><\/p>\n<p><strong><em>&#8220;Eduardo representa a grande esperan\u00e7a para o desenvolvimento de Itapetinga, pelo seu dinamismo e vontade de trabalhar pelo munic\u00edpio e pela sua popula\u00e7\u00e3o menos favorecida. T\u00f4 fechado com ele&#8221;<\/em>, expressou Valquir\u00e3o \u00e0 reportagem do Sudoeste Hoje.<\/strong><\/p>\n<p><strong>A articula\u00e7\u00e3o, mais uma vez, ficou a cargo do eficiente secret\u00e1rio de governo, Geraldo Trindade.<\/strong><\/p>\n<p><strong>Por Davi Ferraz<\/strong><\/p>\n","protected":false},"excerpt":{"rendered":"<p>Recebido no gabinete do prefeito, na manh\u00e3 desta quinta-feira (30), o vereador Valqu\u00edrio Lima (MDB) reafirmou o seu compromisso pol\u00edtico e administrativo com a gest\u00e3o do prefeito Rodrigo Hagge, rec\u00e9m empossado como gestor municipal.. Experiente e articulado, o vereador Valquir\u00e3o aproveitou o encontro com o chefe do executivo para apresentar algumas demandas dos bairros que [&hellip;]<\/p>\n","protected":false},"author":2,"featured_media":120503,"comment_status":"closed","ping_status":"open","sticky":false,"template":"","format":"standard","meta":{"footnotes":"","_links_to":"","_links_to_target":""},"categories":[1],"tags":[],"class_list":["post-120501","post","type-post","status-publish","format-standard","has-post-thumbnail","hentry","category-geral"],"views":1162,"_links":{"self":[{"href":"https:\/\/www.sudoestehoje.com.br\/novoportal\/wp-json\/wp\/v2\/posts\/120501","targetHints":{"allow":["GET"]}}],"collection":[{"href":"https:\/\/www.sudoestehoje.com.br\/novoportal\/wp-json\/wp\/v2\/posts"}],"about":[{"href":"https:\/\/www.sudoestehoje.com.br\/novoportal\/wp-json\/wp\/v2\/types\/post"}],"author":[{"embeddable":true,"href":"https:\/\/www.sudoestehoje.com.br\/novoportal\/wp-json\/wp\/v2\/users\/2"}],"replies":[{"embeddable":true,"href":"https:\/\/www.sudoestehoje.com.br\/novoportal\/wp-json\/wp\/v2\/comments?post=120501"}],"version-history":[{"count":3,"href":"https:\/\/www.sudoestehoje.com.br\/novoportal\/wp-json\/wp\/v2\/posts\/120501\/revisions"}],"predecessor-version":[{"id":120505,"href":"https:\/\/www.sudoestehoje.com.br\/novoportal\/wp-json\/wp\/v2\/posts\/120501\/revisions\/120505"}],"wp:featuredmedia":[{"embeddable":true,"href":"https:\/\/www.sudoestehoje.com.br\/novoportal\/wp-json\/wp\/v2\/media\/120503"}],"wp:attachment":[{"href":"https:\/\/www.sudoestehoje.com.br\/novoportal\/wp-json\/wp\/v2\/media?parent=120501"}],"wp:term":[{"taxonomy":"category","embeddable":true,"href":"https:\/\/www.sudoestehoje.com.br\/novoportal\/wp-json\/wp\/v2\/categories?post=120501"},{"taxonomy":"post_tag","embeddable":true,"href":"https:\/\/www.sudoestehoje.com.br\/novoportal\/wp-json\/wp\/v2\/tags?post=120501"}],"curies":[{"name":"wp","href":"https:\/\/api.w.org\/{rel}","templated":true}]}}