
{"id":120484,"date":"2025-01-30T08:34:41","date_gmt":"2025-01-30T11:34:41","guid":{"rendered":"https:\/\/www.sudoestehoje.com.br\/novoportal\/?p=120484"},"modified":"2025-01-30T09:18:20","modified_gmt":"2025-01-30T12:18:20","slug":"itapetinga-vereadores-do-mdb-continuam-fechados-com-eduardo-hagge","status":"publish","type":"post","link":"https:\/\/www.sudoestehoje.com.br\/novoportal\/2025\/01\/30\/itapetinga-vereadores-do-mdb-continuam-fechados-com-eduardo-hagge\/","title":{"rendered":"ITAPETINGA | VEREADORES DO MDB CONTINUAM FECHADOS COM EDUARDO HAGGE"},"content":{"rendered":"<p><img loading=\"lazy\" decoding=\"async\" class=\"alignnone wp-image-120486\" src=\"https:\/\/www.sudoestehoje.com.br\/novoportal\/wp-content\/uploads\/2025\/01\/Imagem-do-WhatsApp-de-2025-01-29-as-18.07.49_a765a5e7.jpg\" alt=\"\" width=\"560\" height=\"303\" \/><\/p>\n<p><strong>Durante esta semana, as portas do gabinete do prefeito Eduardo Hagge se abriram para receber a bancada do MDB, depois dos desencontros ocorridos por conta da elei\u00e7\u00e3o interna na c\u00e2mara de vereadores, no primeiro dia de governo.<\/strong><\/p>\n<p><strong>Curadas as cicatrizes, os vereadores declararam total apoio \u00e0 gest\u00e3o de Eduardo, al\u00e9m do importante\u00a0 alinhamento pol\u00edtico, necess\u00e1rio para a governabilidade.<\/strong><\/p>\n<p><strong>Compareceram ao gabinete os vereadores Peto, Tel\u00ea, Valquir\u00e3o e Tarug\u00e3o, do MDB, al\u00e9m do vereador Anderson da Nova (Uni\u00e3o) que j\u00e1 havia se reunido com o prefeito, na semana passada.\u00a0Na &#8216;Opera\u00e7\u00e3o Retorno&#8217;, destacou-se o secret\u00e1rio de governo Geraldo Trindade, que cuidou de toda a articula\u00e7\u00e3o.<\/strong><\/p>\n<p><strong>A base de apoio do prefeito Eduardo Hagge conta agora com o apoio declarado de 13 vereadores, n\u00famero mais do que suficiente para aprova\u00e7\u00e3o dos projetos de reforma a serem encaminhados ao legislativo e relativiza a t\u00e3o propalada &#8216;for\u00e7a&#8217; dos oposicionistas que aderiram ao governo recentemente.<\/strong><\/p>\n<p><strong>Por Davi Ferraz<\/strong><\/p>\n<p><img loading=\"lazy\" decoding=\"async\" class=\"alignnone wp-image-120472\" src=\"https:\/\/www.sudoestehoje.com.br\/novoportal\/wp-content\/uploads\/2025\/01\/Atacadao_Atakarejo_logo.png\" alt=\"\" width=\"559\" height=\"229\" \/><\/p>\n","protected":false},"excerpt":{"rendered":"<p>Durante esta semana, as portas do gabinete do prefeito Eduardo Hagge se abriram para receber a bancada do MDB, depois dos desencontros ocorridos por conta da elei\u00e7\u00e3o interna na c\u00e2mara de vereadores, no primeiro dia de governo. Curadas as cicatrizes, os vereadores declararam total apoio \u00e0 gest\u00e3o de Eduardo, al\u00e9m do importante\u00a0 alinhamento pol\u00edtico, necess\u00e1rio [&hellip;]<\/p>\n","protected":false},"author":2,"featured_media":120486,"comment_status":"closed","ping_status":"open","sticky":false,"template":"","format":"standard","meta":{"footnotes":"","_links_to":"","_links_to_target":""},"categories":[1],"tags":[],"class_list":["post-120484","post","type-post","status-publish","format-standard","has-post-thumbnail","hentry","category-geral"],"views":902,"_links":{"self":[{"href":"https:\/\/www.sudoestehoje.com.br\/novoportal\/wp-json\/wp\/v2\/posts\/120484","targetHints":{"allow":["GET"]}}],"collection":[{"href":"https:\/\/www.sudoestehoje.com.br\/novoportal\/wp-json\/wp\/v2\/posts"}],"about":[{"href":"https:\/\/www.sudoestehoje.com.br\/novoportal\/wp-json\/wp\/v2\/types\/post"}],"author":[{"embeddable":true,"href":"https:\/\/www.sudoestehoje.com.br\/novoportal\/wp-json\/wp\/v2\/users\/2"}],"replies":[{"embeddable":true,"href":"https:\/\/www.sudoestehoje.com.br\/novoportal\/wp-json\/wp\/v2\/comments?post=120484"}],"version-history":[{"count":5,"href":"https:\/\/www.sudoestehoje.com.br\/novoportal\/wp-json\/wp\/v2\/posts\/120484\/revisions"}],"predecessor-version":[{"id":120490,"href":"https:\/\/www.sudoestehoje.com.br\/novoportal\/wp-json\/wp\/v2\/posts\/120484\/revisions\/120490"}],"wp:featuredmedia":[{"embeddable":true,"href":"https:\/\/www.sudoestehoje.com.br\/novoportal\/wp-json\/wp\/v2\/media\/120486"}],"wp:attachment":[{"href":"https:\/\/www.sudoestehoje.com.br\/novoportal\/wp-json\/wp\/v2\/media?parent=120484"}],"wp:term":[{"taxonomy":"category","embeddable":true,"href":"https:\/\/www.sudoestehoje.com.br\/novoportal\/wp-json\/wp\/v2\/categories?post=120484"},{"taxonomy":"post_tag","embeddable":true,"href":"https:\/\/www.sudoestehoje.com.br\/novoportal\/wp-json\/wp\/v2\/tags?post=120484"}],"curies":[{"name":"wp","href":"https:\/\/api.w.org\/{rel}","templated":true}]}}