
{"id":120465,"date":"2025-01-29T18:26:32","date_gmt":"2025-01-29T21:26:32","guid":{"rendered":"https:\/\/www.sudoestehoje.com.br\/novoportal\/?p=120465"},"modified":"2025-01-30T07:42:54","modified_gmt":"2025-01-30T10:42:54","slug":"itapetinga-mudanca-do-local-da-policlinica-repercute-na-bahia-atraves-do-sudoeste-hoje-e-bahia-noticias","status":"publish","type":"post","link":"https:\/\/www.sudoestehoje.com.br\/novoportal\/2025\/01\/29\/itapetinga-mudanca-do-local-da-policlinica-repercute-na-bahia-atraves-do-sudoeste-hoje-e-bahia-noticias\/","title":{"rendered":"ITAPETINGA | MUDAN\u00c7A DO LOCAL DA POLICL\u00cdNICA REPERCUTE NA BAHIA ATRAV\u00c9S DO SUDOESTE HOJE E BAHIA NOT\u00cdCIAS"},"content":{"rendered":"<p style=\"font-weight: 400;\"><strong>Outra mat\u00e9ria do Sudoeste Hoje sobre a Policl\u00ednica Regional de Itapetinga, que agora ter\u00e1 um novo local para constru\u00e7\u00e3o,\u00a0 voltou a ser not\u00edcia em todo o estado, atrav\u00e9s do maior portal de not\u00edcias da Bahia, o BAHIA NOT\u00cdCIAS. Confira mat\u00e9ria completa do BN: <a href=\"https:\/\/www.bahianoticias.com.br\/saude\/noticia\/32205-governo-muda-local-de-instalacao-da-policlinica-regional-de-itapetinga-apos-notificacao-de-risco-por-alagamento\">CONFIRA AQUI<\/a><\/strong><\/p>\n<p><img loading=\"lazy\" decoding=\"async\" class=\"alignnone wp-image-120468\" src=\"https:\/\/www.sudoestehoje.com.br\/novoportal\/wp-content\/uploads\/2025\/01\/Imagem-do-WhatsApp-de-2025-01-29-as-18.22.31_1d0981af.jpg\" alt=\"\" width=\"551\" height=\"261\" \/><\/p>\n<p style=\"font-weight: 400;\"><strong><em>&#8220;A Policl\u00ednica Regional de Itapetinga ter\u00e1 um novo local para constru\u00e7\u00e3o no Centro sul Baiano. A medida chega ap\u00f3s a unidade de sa\u00fade ter sido <a href=\"https:\/\/www.bahianoticias.com.br\/saude\/noticia\/32141-policlinica-regional-de-itapetinga-e-alvo-de-notificacao-por-risco-de-alagamento-entenda\">alvo de notifica\u00e7\u00f5es, den\u00fancias e reclama\u00e7\u00f5es por alguns moradores e da prefeitura<\/a>, em decorr\u00eancia da constru\u00e7\u00e3o do novo equipamento ocorrer em uma \u00e1rea classificada historicamente por risco de alaga\u00e7\u00f5es e inunda\u00e7\u00f5es\u00a0<\/em><\/strong><\/p>\n<p style=\"font-weight: 400;\"><strong><em>O espa\u00e7o em quest\u00e3o estava pr\u00f3ximo ao Rio Catol\u00e9, que corta a cidade. Uma reportagem do \u00faltimo dia 30, mostrou que o espa\u00e7o \u00e9 considerado como \u00e1rea inund\u00e1vel e n\u00e3o seria adequado para receber obras deste tipo.\u00a0<\/em><\/strong><\/p>\n<p><strong><em>A publica\u00e7\u00e3o apontou que a localidade \u00e9 considerada por ser um lugar onde h\u00e1 escoamentos que passa no subsolo de uma avenida, al\u00e9m de drenar \u00e1guas de redes de esgotos de bairros vizinhos.\u00a0<\/em><\/strong><\/p>\n<p><strong><em>Nesta quarta-feira (29), conforme o<span style=\"color: #0000ff;\"> Sudoeste Hoje<\/span>, a Secretaria de Sa\u00fade do Estado (Sesab), estabeleceu a mudan\u00e7a do local para onde a policl\u00ednica ser\u00e1 constru\u00edda. Conforme a reportagem, a nova \u00e1rea era um terreno utilizado como campo de futebol por moradores de 2 bairros do munic\u00edpio.\u00a0<\/em><\/strong><\/p>\n<p><strong><em>Segundo a publica\u00e7\u00e3o, a sondagem do terreno foi iniciada na manh\u00e3 desta quarta por uma empresa de engenharia contratada pela pasta.&#8221;<\/em><\/strong><\/p>\n<p><img loading=\"lazy\" decoding=\"async\" class=\"alignnone  wp-image-120472\" src=\"https:\/\/www.sudoestehoje.com.br\/novoportal\/wp-content\/uploads\/2025\/01\/Atacadao_Atakarejo_logo.png\" alt=\"\" width=\"559\" height=\"229\" \/><\/p>\n","protected":false},"excerpt":{"rendered":"<p>Outra mat\u00e9ria do Sudoeste Hoje sobre a Policl\u00ednica Regional de Itapetinga, que agora ter\u00e1 um novo local para constru\u00e7\u00e3o,\u00a0 voltou a ser not\u00edcia em todo o estado, atrav\u00e9s do maior portal de not\u00edcias da Bahia, o BAHIA NOT\u00cdCIAS. Confira mat\u00e9ria completa do BN: CONFIRA AQUI &#8220;A Policl\u00ednica Regional de Itapetinga ter\u00e1 um novo local para [&hellip;]<\/p>\n","protected":false},"author":2,"featured_media":120468,"comment_status":"closed","ping_status":"open","sticky":false,"template":"","format":"standard","meta":{"footnotes":"","_links_to":"","_links_to_target":""},"categories":[1],"tags":[],"class_list":["post-120465","post","type-post","status-publish","format-standard","has-post-thumbnail","hentry","category-geral"],"views":1163,"_links":{"self":[{"href":"https:\/\/www.sudoestehoje.com.br\/novoportal\/wp-json\/wp\/v2\/posts\/120465","targetHints":{"allow":["GET"]}}],"collection":[{"href":"https:\/\/www.sudoestehoje.com.br\/novoportal\/wp-json\/wp\/v2\/posts"}],"about":[{"href":"https:\/\/www.sudoestehoje.com.br\/novoportal\/wp-json\/wp\/v2\/types\/post"}],"author":[{"embeddable":true,"href":"https:\/\/www.sudoestehoje.com.br\/novoportal\/wp-json\/wp\/v2\/users\/2"}],"replies":[{"embeddable":true,"href":"https:\/\/www.sudoestehoje.com.br\/novoportal\/wp-json\/wp\/v2\/comments?post=120465"}],"version-history":[{"count":8,"href":"https:\/\/www.sudoestehoje.com.br\/novoportal\/wp-json\/wp\/v2\/posts\/120465\/revisions"}],"predecessor-version":[{"id":120483,"href":"https:\/\/www.sudoestehoje.com.br\/novoportal\/wp-json\/wp\/v2\/posts\/120465\/revisions\/120483"}],"wp:featuredmedia":[{"embeddable":true,"href":"https:\/\/www.sudoestehoje.com.br\/novoportal\/wp-json\/wp\/v2\/media\/120468"}],"wp:attachment":[{"href":"https:\/\/www.sudoestehoje.com.br\/novoportal\/wp-json\/wp\/v2\/media?parent=120465"}],"wp:term":[{"taxonomy":"category","embeddable":true,"href":"https:\/\/www.sudoestehoje.com.br\/novoportal\/wp-json\/wp\/v2\/categories?post=120465"},{"taxonomy":"post_tag","embeddable":true,"href":"https:\/\/www.sudoestehoje.com.br\/novoportal\/wp-json\/wp\/v2\/tags?post=120465"}],"curies":[{"name":"wp","href":"https:\/\/api.w.org\/{rel}","templated":true}]}}