
{"id":120460,"date":"2025-01-29T11:00:36","date_gmt":"2025-01-29T14:00:36","guid":{"rendered":"https:\/\/www.sudoestehoje.com.br\/novoportal\/?p=120460"},"modified":"2025-01-29T11:00:36","modified_gmt":"2025-01-29T14:00:36","slug":"itapetinga-apos-denuncia-do-sudoeste-hoje-governo-muda-local-da-policlinica-regional-para-campo-do-quintas-no-morumbi","status":"publish","type":"post","link":"https:\/\/www.sudoestehoje.com.br\/novoportal\/2025\/01\/29\/itapetinga-apos-denuncia-do-sudoeste-hoje-governo-muda-local-da-policlinica-regional-para-campo-do-quintas-no-morumbi\/","title":{"rendered":"ITAPETINGA | AP\u00d3S DEN\u00daNCIA DO SUDOESTE HOJE, GOVERNO MUDA LOCAL DA POLICL\u00cdNICA REGIONAL PARA CAMPO DO QUINTAS NO MORUMBI"},"content":{"rendered":"<p><img loading=\"lazy\" decoding=\"async\" class=\"alignnone  wp-image-120463\" src=\"https:\/\/www.sudoestehoje.com.br\/novoportal\/wp-content\/uploads\/2025\/01\/Imagem-do-WhatsApp-de-2025-01-29-as-10.56.27_69468bab.jpg\" alt=\"\" width=\"552\" height=\"311\" \/><\/p>\n<p><strong>Com a repercuss\u00e3o negativa em todo o Estado, ap\u00f3s den\u00fancia deste blog dando conta da constru\u00e7\u00e3o da Policl\u00ednica Regional de Itapetinga em local alagadi\u00e7o, a Secretaria de Sa\u00fade do Estado (SESAB) determinou imediata a mudan\u00e7a do local onde ser\u00e1 edificado o importante equipamento p\u00fablico, por quest\u00e3o de seguran\u00e7a.<\/strong><\/p>\n<p><strong>O novo espa\u00e7o \u00e9 um antigo terreno do estado, usado por moradores dos bairros Am\u00e9rico Nogueira e Quintas do Morumbi, como campo de futebol.<\/strong><\/p>\n<p><strong>Na manh\u00e3 desta quarta-feira (29), a reportagem do Sudoeste Hoje foi ao ao local e conferiu a sondagem do terreno por empresa de engenharia contratada pela SESAB.<\/strong><\/p>\n<p><strong>O novo local \u00e9 seguro e bem localizado, devendo proporcionar melhor mobilidade para o transporte de pacientes das diversas cidades do M\u00e9dio Sudoeste, para a Policl\u00ednica.<\/strong><\/p>\n<p><strong>Agora sim!<\/strong><\/p>\n<p><strong>Por Davi Ferraz<\/strong><\/p>\n","protected":false},"excerpt":{"rendered":"<p>Com a repercuss\u00e3o negativa em todo o Estado, ap\u00f3s den\u00fancia deste blog dando conta da constru\u00e7\u00e3o da Policl\u00ednica Regional de Itapetinga em local alagadi\u00e7o, a Secretaria de Sa\u00fade do Estado (SESAB) determinou imediata a mudan\u00e7a do local onde ser\u00e1 edificado o importante equipamento p\u00fablico, por quest\u00e3o de seguran\u00e7a. O novo espa\u00e7o \u00e9 um antigo terreno [&hellip;]<\/p>\n","protected":false},"author":2,"featured_media":120463,"comment_status":"closed","ping_status":"open","sticky":false,"template":"","format":"standard","meta":{"footnotes":"","_links_to":"","_links_to_target":""},"categories":[1],"tags":[],"class_list":["post-120460","post","type-post","status-publish","format-standard","has-post-thumbnail","hentry","category-geral"],"views":2356,"_links":{"self":[{"href":"https:\/\/www.sudoestehoje.com.br\/novoportal\/wp-json\/wp\/v2\/posts\/120460","targetHints":{"allow":["GET"]}}],"collection":[{"href":"https:\/\/www.sudoestehoje.com.br\/novoportal\/wp-json\/wp\/v2\/posts"}],"about":[{"href":"https:\/\/www.sudoestehoje.com.br\/novoportal\/wp-json\/wp\/v2\/types\/post"}],"author":[{"embeddable":true,"href":"https:\/\/www.sudoestehoje.com.br\/novoportal\/wp-json\/wp\/v2\/users\/2"}],"replies":[{"embeddable":true,"href":"https:\/\/www.sudoestehoje.com.br\/novoportal\/wp-json\/wp\/v2\/comments?post=120460"}],"version-history":[{"count":2,"href":"https:\/\/www.sudoestehoje.com.br\/novoportal\/wp-json\/wp\/v2\/posts\/120460\/revisions"}],"predecessor-version":[{"id":120464,"href":"https:\/\/www.sudoestehoje.com.br\/novoportal\/wp-json\/wp\/v2\/posts\/120460\/revisions\/120464"}],"wp:featuredmedia":[{"embeddable":true,"href":"https:\/\/www.sudoestehoje.com.br\/novoportal\/wp-json\/wp\/v2\/media\/120463"}],"wp:attachment":[{"href":"https:\/\/www.sudoestehoje.com.br\/novoportal\/wp-json\/wp\/v2\/media?parent=120460"}],"wp:term":[{"taxonomy":"category","embeddable":true,"href":"https:\/\/www.sudoestehoje.com.br\/novoportal\/wp-json\/wp\/v2\/categories?post=120460"},{"taxonomy":"post_tag","embeddable":true,"href":"https:\/\/www.sudoestehoje.com.br\/novoportal\/wp-json\/wp\/v2\/tags?post=120460"}],"curies":[{"name":"wp","href":"https:\/\/api.w.org\/{rel}","templated":true}]}}