
{"id":120452,"date":"2025-01-28T11:09:12","date_gmt":"2025-01-28T14:09:12","guid":{"rendered":"https:\/\/www.sudoestehoje.com.br\/novoportal\/?p=120452"},"modified":"2025-01-28T11:09:12","modified_gmt":"2025-01-28T14:09:12","slug":"escolas-do-ensino-basico-iniciam-ano-letivo-com-proibicao-de-celulares-em-salas-de-aula","status":"publish","type":"post","link":"https:\/\/www.sudoestehoje.com.br\/novoportal\/2025\/01\/28\/escolas-do-ensino-basico-iniciam-ano-letivo-com-proibicao-de-celulares-em-salas-de-aula\/","title":{"rendered":"ESCOLAS DO ENSINO B\u00c1SICO INICIAM ANO LETIVO COM PROIBI\u00c7\u00c3O DE CELULARES EM SALAS DE AULA"},"content":{"rendered":"<p><img loading=\"lazy\" decoding=\"async\" class=\"alignnone  wp-image-120454\" src=\"https:\/\/www.sudoestehoje.com.br\/novoportal\/wp-content\/uploads\/2025\/01\/WhatsApp-Image-2025-01-27-at-19.54.42-420x280-1.jpg\" alt=\"\" width=\"551\" height=\"367\" \/><\/p>\n<p><strong>A Lei 15.100\/2025, que pro\u00edbe o uso de smartphones nas institui\u00e7\u00f5es de Ensino B\u00e1sico do Brasil, entrou em vigor em 13 de janeiro, mas as escolas aguardam a regulamenta\u00e7\u00e3o do Minist\u00e9rio da Educa\u00e7\u00e3o (MEC). <\/strong><\/p>\n<p><strong>Estados como o Distrito Federal e o Par\u00e1 ainda est\u00e3o ajustando a aplica\u00e7\u00e3o da legisla\u00e7\u00e3o, com algumas unidades permitindo o uso de celulares apenas em atividades pedag\u00f3gicas ou quando necess\u00e1rio por quest\u00f5es de acessibilidade. <\/strong><\/p>\n<p><strong>A rede particular tamb\u00e9m enfrenta incertezas quanto \u00e0 adapta\u00e7\u00e3o das novas normas. A regulamenta\u00e7\u00e3o do MEC ainda n\u00e3o foi divulgada.<\/strong><\/p>\n","protected":false},"excerpt":{"rendered":"<p>A Lei 15.100\/2025, que pro\u00edbe o uso de smartphones nas institui\u00e7\u00f5es de Ensino B\u00e1sico do Brasil, entrou em vigor em 13 de janeiro, mas as escolas aguardam a regulamenta\u00e7\u00e3o do Minist\u00e9rio da Educa\u00e7\u00e3o (MEC). Estados como o Distrito Federal e o Par\u00e1 ainda est\u00e3o ajustando a aplica\u00e7\u00e3o da legisla\u00e7\u00e3o, com algumas unidades permitindo o uso [&hellip;]<\/p>\n","protected":false},"author":2,"featured_media":120454,"comment_status":"closed","ping_status":"open","sticky":false,"template":"","format":"standard","meta":{"footnotes":"","_links_to":"","_links_to_target":""},"categories":[1],"tags":[],"class_list":["post-120452","post","type-post","status-publish","format-standard","has-post-thumbnail","hentry","category-geral"],"views":746,"_links":{"self":[{"href":"https:\/\/www.sudoestehoje.com.br\/novoportal\/wp-json\/wp\/v2\/posts\/120452","targetHints":{"allow":["GET"]}}],"collection":[{"href":"https:\/\/www.sudoestehoje.com.br\/novoportal\/wp-json\/wp\/v2\/posts"}],"about":[{"href":"https:\/\/www.sudoestehoje.com.br\/novoportal\/wp-json\/wp\/v2\/types\/post"}],"author":[{"embeddable":true,"href":"https:\/\/www.sudoestehoje.com.br\/novoportal\/wp-json\/wp\/v2\/users\/2"}],"replies":[{"embeddable":true,"href":"https:\/\/www.sudoestehoje.com.br\/novoportal\/wp-json\/wp\/v2\/comments?post=120452"}],"version-history":[{"count":3,"href":"https:\/\/www.sudoestehoje.com.br\/novoportal\/wp-json\/wp\/v2\/posts\/120452\/revisions"}],"predecessor-version":[{"id":120456,"href":"https:\/\/www.sudoestehoje.com.br\/novoportal\/wp-json\/wp\/v2\/posts\/120452\/revisions\/120456"}],"wp:featuredmedia":[{"embeddable":true,"href":"https:\/\/www.sudoestehoje.com.br\/novoportal\/wp-json\/wp\/v2\/media\/120454"}],"wp:attachment":[{"href":"https:\/\/www.sudoestehoje.com.br\/novoportal\/wp-json\/wp\/v2\/media?parent=120452"}],"wp:term":[{"taxonomy":"category","embeddable":true,"href":"https:\/\/www.sudoestehoje.com.br\/novoportal\/wp-json\/wp\/v2\/categories?post=120452"},{"taxonomy":"post_tag","embeddable":true,"href":"https:\/\/www.sudoestehoje.com.br\/novoportal\/wp-json\/wp\/v2\/tags?post=120452"}],"curies":[{"name":"wp","href":"https:\/\/api.w.org\/{rel}","templated":true}]}}