
{"id":120447,"date":"2025-01-28T11:01:04","date_gmt":"2025-01-28T14:01:04","guid":{"rendered":"https:\/\/www.sudoestehoje.com.br\/novoportal\/?p=120447"},"modified":"2025-01-28T11:01:04","modified_gmt":"2025-01-28T14:01:04","slug":"quaest-cresce-rejeicao-de-lula-no-nordeste-unica-regiao-onde-bolsonaro-perdeu","status":"publish","type":"post","link":"https:\/\/www.sudoestehoje.com.br\/novoportal\/2025\/01\/28\/quaest-cresce-rejeicao-de-lula-no-nordeste-unica-regiao-onde-bolsonaro-perdeu\/","title":{"rendered":"QUAEST | CRESCE REJEI\u00c7\u00c3O DE LULA NO NORDESTE, \u00daNICA REGI\u00c3O ONDE BOLSONARO PERDEU"},"content":{"rendered":"<p><img loading=\"lazy\" decoding=\"async\" class=\" wp-image-120449\" src=\"https:\/\/www.sudoestehoje.com.br\/novoportal\/wp-content\/uploads\/2025\/01\/b5ccab48-10ff-4a1d-a349-ff32642a83f71.jpg\" alt=\"\" width=\"551\" height=\"304\" \/><\/p>\n<p><strong>A rejei\u00e7\u00e3o do presidente Lu\u00eds In\u00e1cio Lula da Silva (PT) cresceu no Nordeste, \u00fanica regi\u00e3o do pa\u00eds em que venceu o ex-presidente Jair Bolsonaro (PL) nas elei\u00e7\u00f5es de 2022. \u00c9 o que revela a pesquisa Genial\/Quaest divulgada nesta segunda-feira (27) sobre a aprova\u00e7\u00e3o do Executivo no primeiro m\u00eas de 2025.<\/strong><\/p>\n<p><strong>O levantamento aponta que 37% dos nordestinos desaprovam o terceiro mandato do petista, enquanto 60% aprovam o trabalho realizado pelo Pal\u00e1cio do Planalto. Em dezembro de 2024, no entanto, a Quaest revelou que 30% rejeitaram Lula, e 67% aprovaram a gest\u00e3o.<\/strong><\/p>\n<p><strong>Este \u00e9 o pior desempenho de Lula no Nordeste desde o in\u00edcio do mandato. Ainda assim, \u00e9 a \u00fanica regi\u00e3o do pa\u00eds em que a aprova\u00e7\u00e3o supera a rejei\u00e7\u00e3o.<\/strong><\/p>\n<p><strong>J\u00e1 no cen\u00e1rio nacional, a aprova\u00e7\u00e3o do petista caiu de 52% para 47%, enquanto a rejei\u00e7\u00e3o cresceu de 47% para 49%. \u00c9 a primeira vez nesta s\u00e9rie hist\u00f3rica que as avalia\u00e7\u00f5es negativas ultrapassam as positivas.<\/strong><\/p>\n<p><strong>Regi\u00f5es<\/strong><\/p>\n<p><strong>O maior \u00edndice de desaprova\u00e7\u00e3o do presidente \u00e9 no Sul, onde \u00e9 rejeitado por 59%, e aprovado por 39%. O aumento da rejei\u00e7\u00e3o em sete pontos percentuais comparado \u00e0 \u00faltima pesquisa foi o maior registrado entre as regi\u00f5es neste m\u00eas.<\/strong><\/p>\n<p><strong>Os n\u00fameros nas demais regi\u00f5es oscilaram dentro da margem de erro. No Sudeste, Lula \u00e9 rejeitado por 53% e aprovado por 42%. J\u00e1 no Norte e Centro-Oeste, o petista enfrenta 49% de avalia\u00e7\u00f5es negativas e 48% de positivas.<\/strong><\/p>\n","protected":false},"excerpt":{"rendered":"<p>A rejei\u00e7\u00e3o do presidente Lu\u00eds In\u00e1cio Lula da Silva (PT) cresceu no Nordeste, \u00fanica regi\u00e3o do pa\u00eds em que venceu o ex-presidente Jair Bolsonaro (PL) nas elei\u00e7\u00f5es de 2022. \u00c9 o que revela a pesquisa Genial\/Quaest divulgada nesta segunda-feira (27) sobre a aprova\u00e7\u00e3o do Executivo no primeiro m\u00eas de 2025. O levantamento aponta que 37% [&hellip;]<\/p>\n","protected":false},"author":2,"featured_media":120449,"comment_status":"closed","ping_status":"open","sticky":false,"template":"","format":"standard","meta":{"footnotes":"","_links_to":"","_links_to_target":""},"categories":[1],"tags":[],"class_list":["post-120447","post","type-post","status-publish","format-standard","has-post-thumbnail","hentry","category-geral"],"views":793,"_links":{"self":[{"href":"https:\/\/www.sudoestehoje.com.br\/novoportal\/wp-json\/wp\/v2\/posts\/120447","targetHints":{"allow":["GET"]}}],"collection":[{"href":"https:\/\/www.sudoestehoje.com.br\/novoportal\/wp-json\/wp\/v2\/posts"}],"about":[{"href":"https:\/\/www.sudoestehoje.com.br\/novoportal\/wp-json\/wp\/v2\/types\/post"}],"author":[{"embeddable":true,"href":"https:\/\/www.sudoestehoje.com.br\/novoportal\/wp-json\/wp\/v2\/users\/2"}],"replies":[{"embeddable":true,"href":"https:\/\/www.sudoestehoje.com.br\/novoportal\/wp-json\/wp\/v2\/comments?post=120447"}],"version-history":[{"count":3,"href":"https:\/\/www.sudoestehoje.com.br\/novoportal\/wp-json\/wp\/v2\/posts\/120447\/revisions"}],"predecessor-version":[{"id":120451,"href":"https:\/\/www.sudoestehoje.com.br\/novoportal\/wp-json\/wp\/v2\/posts\/120447\/revisions\/120451"}],"wp:featuredmedia":[{"embeddable":true,"href":"https:\/\/www.sudoestehoje.com.br\/novoportal\/wp-json\/wp\/v2\/media\/120449"}],"wp:attachment":[{"href":"https:\/\/www.sudoestehoje.com.br\/novoportal\/wp-json\/wp\/v2\/media?parent=120447"}],"wp:term":[{"taxonomy":"category","embeddable":true,"href":"https:\/\/www.sudoestehoje.com.br\/novoportal\/wp-json\/wp\/v2\/categories?post=120447"},{"taxonomy":"post_tag","embeddable":true,"href":"https:\/\/www.sudoestehoje.com.br\/novoportal\/wp-json\/wp\/v2\/tags?post=120447"}],"curies":[{"name":"wp","href":"https:\/\/api.w.org\/{rel}","templated":true}]}}