
{"id":120443,"date":"2025-01-28T10:47:03","date_gmt":"2025-01-28T13:47:03","guid":{"rendered":"https:\/\/www.sudoestehoje.com.br\/novoportal\/?p=120443"},"modified":"2025-01-28T10:47:03","modified_gmt":"2025-01-28T13:47:03","slug":"governo-lula-estuda-fazer-pente-fino-no-bolsa-familia-para-cortar-gastos-a-partir-de-fevereiro","status":"publish","type":"post","link":"https:\/\/www.sudoestehoje.com.br\/novoportal\/2025\/01\/28\/governo-lula-estuda-fazer-pente-fino-no-bolsa-familia-para-cortar-gastos-a-partir-de-fevereiro\/","title":{"rendered":"GOVERNO LULA ESTUDA FAZER &#8216;PENTE FINO&#8217; NO BOLSA FAM\u00cdLIA PARA CORTAR GASTOS A PARTIR DE FEVEREIRO"},"content":{"rendered":"<p><img loading=\"lazy\" decoding=\"async\" class=\"alignnone  wp-image-120445\" src=\"https:\/\/www.sudoestehoje.com.br\/novoportal\/wp-content\/uploads\/2025\/01\/corte-tesoura-bolsa-familia.jpg\" alt=\"\" width=\"551\" height=\"310\" \/><\/p>\n<p><strong>O governo do presidente Luiz In\u00e1cio Lula da Silva (PT) estuda um novo pacote de corte de gastos que, se evoluir, ser\u00e1 anunciado depois da elei\u00e7\u00e3o para as presid\u00eancias da C\u00e2mara e do Senado, que ser\u00e1 realizada em 1\u00ba de fevereiro. O pacote \u00e9 uma sinaliza\u00e7\u00e3o ao mercado de que o governo Lula realmente pretende focar no problema fiscal.<\/strong><\/p>\n<p><strong>De acordo com o Poder360, as principais pautas giram em torno de elaborar um pente fino em programas sociais \u2014 sobretudo no Bolsa Fam\u00edlia \u2014, reavaliar os benef\u00edcios de militares, al\u00e9m de instaurar um minirreforma na Previd\u00eancia.<\/strong><\/p>\n<p><strong>Como as medidas ainda est\u00e3o sendo discutidas, n\u00e3o h\u00e1 ainda uma previs\u00e3o de economia em cada um dos setores. Com a alta do d\u00f3lar e da infla\u00e7\u00e3o somados ao mau humor do mercado, Lula percebeu que a necessidade de alguns sinais para garantir a governabilidade. O PT, por outro lado, n\u00e3o est\u00e1 convencido. \/\/Bnews\/Foto: Marcelo Camargo \/ Ag\u00eancia Brasil<\/strong><\/p>\n","protected":false},"excerpt":{"rendered":"<p>O governo do presidente Luiz In\u00e1cio Lula da Silva (PT) estuda um novo pacote de corte de gastos que, se evoluir, ser\u00e1 anunciado depois da elei\u00e7\u00e3o para as presid\u00eancias da C\u00e2mara e do Senado, que ser\u00e1 realizada em 1\u00ba de fevereiro. O pacote \u00e9 uma sinaliza\u00e7\u00e3o ao mercado de que o governo Lula realmente pretende [&hellip;]<\/p>\n","protected":false},"author":2,"featured_media":120445,"comment_status":"closed","ping_status":"open","sticky":false,"template":"","format":"standard","meta":{"footnotes":"","_links_to":"","_links_to_target":""},"categories":[1],"tags":[],"class_list":["post-120443","post","type-post","status-publish","format-standard","has-post-thumbnail","hentry","category-geral"],"views":654,"_links":{"self":[{"href":"https:\/\/www.sudoestehoje.com.br\/novoportal\/wp-json\/wp\/v2\/posts\/120443","targetHints":{"allow":["GET"]}}],"collection":[{"href":"https:\/\/www.sudoestehoje.com.br\/novoportal\/wp-json\/wp\/v2\/posts"}],"about":[{"href":"https:\/\/www.sudoestehoje.com.br\/novoportal\/wp-json\/wp\/v2\/types\/post"}],"author":[{"embeddable":true,"href":"https:\/\/www.sudoestehoje.com.br\/novoportal\/wp-json\/wp\/v2\/users\/2"}],"replies":[{"embeddable":true,"href":"https:\/\/www.sudoestehoje.com.br\/novoportal\/wp-json\/wp\/v2\/comments?post=120443"}],"version-history":[{"count":2,"href":"https:\/\/www.sudoestehoje.com.br\/novoportal\/wp-json\/wp\/v2\/posts\/120443\/revisions"}],"predecessor-version":[{"id":120446,"href":"https:\/\/www.sudoestehoje.com.br\/novoportal\/wp-json\/wp\/v2\/posts\/120443\/revisions\/120446"}],"wp:featuredmedia":[{"embeddable":true,"href":"https:\/\/www.sudoestehoje.com.br\/novoportal\/wp-json\/wp\/v2\/media\/120445"}],"wp:attachment":[{"href":"https:\/\/www.sudoestehoje.com.br\/novoportal\/wp-json\/wp\/v2\/media?parent=120443"}],"wp:term":[{"taxonomy":"category","embeddable":true,"href":"https:\/\/www.sudoestehoje.com.br\/novoportal\/wp-json\/wp\/v2\/categories?post=120443"},{"taxonomy":"post_tag","embeddable":true,"href":"https:\/\/www.sudoestehoje.com.br\/novoportal\/wp-json\/wp\/v2\/tags?post=120443"}],"curies":[{"name":"wp","href":"https:\/\/api.w.org\/{rel}","templated":true}]}}