
{"id":120440,"date":"2025-01-28T09:37:35","date_gmt":"2025-01-28T12:37:35","guid":{"rendered":"https:\/\/www.sudoestehoje.com.br\/novoportal\/?p=120440"},"modified":"2025-01-28T09:37:35","modified_gmt":"2025-01-28T12:37:35","slug":"icms-aumentara-a-partir-de-fevereiro-e-combustiveis-devem-ficar-mais-caros","status":"publish","type":"post","link":"https:\/\/www.sudoestehoje.com.br\/novoportal\/2025\/01\/28\/icms-aumentara-a-partir-de-fevereiro-e-combustiveis-devem-ficar-mais-caros\/","title":{"rendered":"ICMS AUMENTAR\u00c1 A PARTIR DE FEVEREIRO E COMBUST\u00cdVEIS DEVEM FICAR MAIS CAROS"},"content":{"rendered":"<p><img loading=\"lazy\" decoding=\"async\" class=\"alignnone  wp-image-120441\" src=\"https:\/\/www.sudoestehoje.com.br\/novoportal\/wp-content\/uploads\/2025\/01\/gasolina.jpg\" alt=\"\" width=\"551\" height=\"412\" \/><\/p>\n<p><strong>O aumento do ICMS cobrado sobre diesel e gasolina valer\u00e1 para todos os estados do Brasil, e chega em momento de press\u00e3o sobre a pol\u00edtica de pre\u00e7os da Petrobras, que n\u00e3o reajuste h\u00e1 meses os valores cobrados em suas refinarias.<\/strong><\/p>\n<p><strong>A mudan\u00e7a na cobran\u00e7a do ICMS foi aprovada em novembro do ano passado, durante uma reuni\u00e3o do Conselho Nacional de Pol\u00edtica Fazend\u00e1ria (Confaz).<\/strong><\/p>\n<p><strong>No caso da gasolina, a cobran\u00e7a do tributo deve subir R$ 0,0979, passando de R$ 1,37 para R$ 1,47 por litro, o que representa um aumento de 7,14%. J\u00e1 para diesel, o ICMS subir\u00e1 5,31% ou R$ 0,0565, de R$ 1,0635 para R$ 1,12 por litro.<\/strong><\/p>\n<div class=\"MGQrwRdX\">\n<div id=\"v3-adslot-truvid\" data-google-query-id=\"\">\n<div id=\"google_ads_iframe_\/22452847\/v3-dinheiro-default_0__container__\"><strong>Mesmo se tratando de um aumento pequeno, de apenas alguns centavos, a avalia\u00e7\u00e3o dos especialistas \u00e9 que o reajuste dever\u00e1 ser repassado ao pre\u00e7o final pago pelos consumidores.<\/strong><\/div>\n<\/div>\n<\/div>\n","protected":false},"excerpt":{"rendered":"<p>O aumento do ICMS cobrado sobre diesel e gasolina valer\u00e1 para todos os estados do Brasil, e chega em momento de press\u00e3o sobre a pol\u00edtica de pre\u00e7os da Petrobras, que n\u00e3o reajuste h\u00e1 meses os valores cobrados em suas refinarias. A mudan\u00e7a na cobran\u00e7a do ICMS foi aprovada em novembro do ano passado, durante uma [&hellip;]<\/p>\n","protected":false},"author":2,"featured_media":120441,"comment_status":"closed","ping_status":"open","sticky":false,"template":"","format":"standard","meta":{"footnotes":"","_links_to":"","_links_to_target":""},"categories":[1],"tags":[],"class_list":["post-120440","post","type-post","status-publish","format-standard","has-post-thumbnail","hentry","category-geral"],"views":656,"_links":{"self":[{"href":"https:\/\/www.sudoestehoje.com.br\/novoportal\/wp-json\/wp\/v2\/posts\/120440","targetHints":{"allow":["GET"]}}],"collection":[{"href":"https:\/\/www.sudoestehoje.com.br\/novoportal\/wp-json\/wp\/v2\/posts"}],"about":[{"href":"https:\/\/www.sudoestehoje.com.br\/novoportal\/wp-json\/wp\/v2\/types\/post"}],"author":[{"embeddable":true,"href":"https:\/\/www.sudoestehoje.com.br\/novoportal\/wp-json\/wp\/v2\/users\/2"}],"replies":[{"embeddable":true,"href":"https:\/\/www.sudoestehoje.com.br\/novoportal\/wp-json\/wp\/v2\/comments?post=120440"}],"version-history":[{"count":1,"href":"https:\/\/www.sudoestehoje.com.br\/novoportal\/wp-json\/wp\/v2\/posts\/120440\/revisions"}],"predecessor-version":[{"id":120442,"href":"https:\/\/www.sudoestehoje.com.br\/novoportal\/wp-json\/wp\/v2\/posts\/120440\/revisions\/120442"}],"wp:featuredmedia":[{"embeddable":true,"href":"https:\/\/www.sudoestehoje.com.br\/novoportal\/wp-json\/wp\/v2\/media\/120441"}],"wp:attachment":[{"href":"https:\/\/www.sudoestehoje.com.br\/novoportal\/wp-json\/wp\/v2\/media?parent=120440"}],"wp:term":[{"taxonomy":"category","embeddable":true,"href":"https:\/\/www.sudoestehoje.com.br\/novoportal\/wp-json\/wp\/v2\/categories?post=120440"},{"taxonomy":"post_tag","embeddable":true,"href":"https:\/\/www.sudoestehoje.com.br\/novoportal\/wp-json\/wp\/v2\/tags?post=120440"}],"curies":[{"name":"wp","href":"https:\/\/api.w.org\/{rel}","templated":true}]}}