
{"id":120429,"date":"2025-01-27T10:51:34","date_gmt":"2025-01-27T13:51:34","guid":{"rendered":"https:\/\/www.sudoestehoje.com.br\/novoportal\/?p=120429"},"modified":"2025-01-27T10:51:34","modified_gmt":"2025-01-27T13:51:34","slug":"quentinhas-itapetinga-nao-e-uma-ilha-e-precisa-se-relacionar-com-o-governo","status":"publish","type":"post","link":"https:\/\/www.sudoestehoje.com.br\/novoportal\/2025\/01\/27\/quentinhas-itapetinga-nao-e-uma-ilha-e-precisa-se-relacionar-com-o-governo\/","title":{"rendered":"QUENTINHAS | ITAPETINGA N\u00c3O \u00c9 UMA ILHA E PRECISA SE RELACIONAR COM O GOVERNO"},"content":{"rendered":"<p><img loading=\"lazy\" decoding=\"async\" class=\"alignnone size-full wp-image-120431\" src=\"https:\/\/www.sudoestehoje.com.br\/novoportal\/wp-content\/uploads\/2025\/01\/b087fbc9-7971-44c9-b854-e0a5545b1623-1.jpg\" alt=\"\" width=\"539\" height=\"338\" \/><\/p>\n<p><strong>PARCERIA COM O GOVERNO \u00c9 NECESS\u00c1RIA<\/strong><\/p>\n<p><strong>A medida que a cidade cresce, novas demandas surgem, pressionando a administra\u00e7\u00e3o municipal a resolv\u00ea-las, \u00e0s vezes com a &#8216;faca no pesco\u00e7o&#8217;. Sem recursos para tudo, o gestor municipal tem que se virar e \u00e9 obrigado a recorrer \u00e0s esferas estadual e federal, em busca de verbas complementares para suprir essas demandas e seguir em frente. A gest\u00e3o de Eduardo Hagge n\u00e3o foge \u00e0 regra e tem compreendido o seu papel, mantendo uma boa rela\u00e7\u00e3o com o governo estadual, afinal, Itapetinga n\u00e3o \u00e9 uma ilha de prosperidade que possa prescindir da ajuda do governo. T\u00e1 cert\u00edssimo.<\/strong><\/p>\n<p><strong>RELA\u00c7\u00c3O INSTITUCIONAL\u00a0\u00a0<\/strong><\/p>\n<p><strong>Durante suas entrevistas, Eduardo tem dito que pretende manter uma rela\u00e7\u00e3o institucional com o governo do estado, mas n\u00e3o afasta a ideia de que esta rela\u00e7\u00e3o possa evoluir para um apoio pol\u00edtico, caso as demandas de Itapetinga sejam atendidas a contento pelo governador. T\u00e1 escrito nas estrelas que n\u00e3o vai aderir ao governo &#8216;por gravidade&#8217;, de &#8216;pires na m\u00e3o&#8217;, para n\u00e3o quebrar a cara depois. T\u00e1 seguro e mostra maturidade pol\u00edtica.\u00a0<\/strong><\/p>\n<p><strong>APOIO DA OPOSI\u00c7\u00c3O<\/strong><\/p>\n<p><strong>Outro paradigma quebrado por Eduardo foi a aceita\u00e7\u00e3o do apoio de 4 vereadores da oposi\u00e7\u00e3o, logo na largada, engrossando o caldo na C\u00e2mara Municipal. \u00c9 claro que isso n\u00e3o agradou a todos, principalmente \u00e0 bancada da situa\u00e7\u00e3o, mas d\u00e1 para administrar, conversando e ajeitando as coisas de forma racional. Como costumo dizer, &#8216; em pol\u00edtica tem jeito pra tudo, at\u00e9 para a morte, se o suplente for bom de di\u00e1logo&#8217;.\u00a0<\/strong><\/p>\n<p><strong>HORA DE TIRAR O RAN\u00c7O\u00a0<\/strong><\/p>\n<p><strong>Para o eleitor menos atento, a impress\u00e3o \u00e9 de que os vereadores de situa\u00e7\u00e3o e oposi\u00e7\u00e3o vivem sempre \u00e0s turras e n\u00e3o se relacionam. N\u00e3o \u00e9 bem assim, pois o nossos representantes, acima das diferen\u00e7as meramente partid\u00e1rias, t\u00eam muitos interesses em comum e convergem mais que divergem, se a quest\u00e3o girar em torno de certas vantagens nada convencionais, por assim dizer. Assim, \u00e9 hora de passar o ramo, tirar o ran\u00e7o e aceitar os novos &#8216;correligion\u00e1rios&#8217;, com bagagem e tudo. Lembrando que<em> &#8220;se for nosso e tiver defeito, n\u00f3is tira&#8230;&#8221;\u00a0<\/em><\/strong><\/p>\n<p><strong>OPOSI\u00c7\u00c3O ENFRAQUECEU<\/strong><\/p>\n<p><strong>A vinda dos vereadores da oposi\u00e7\u00e3o para o governo de Eduardo mexeu com as estruturas da pol\u00edtica local, desarticulando e enfraquecendo o grupo da ex-candidata Cida Moura, antiga aliada do governador. Com a poss\u00edvel chegada de Eduardo ao grupo de Jer\u00f4nimo, ficou pior ainda. Derrotada e enfraquecida, a volta por cima da ex-primeira-dama t\u00e1 fora de quest\u00e3o, por enquanto, a n\u00e3o ser que Jer\u00f4nimo consiga o milagre de &#8216;misturar \u00e1gua com azeite de dend\u00ea&#8217;. A\u00ed eu pago pra ver&#8230;<\/strong><\/p>\n<p><strong>Por Davi Ferraz<\/strong><\/p>\n","protected":false},"excerpt":{"rendered":"<p>PARCERIA COM O GOVERNO \u00c9 NECESS\u00c1RIA A medida que a cidade cresce, novas demandas surgem, pressionando a administra\u00e7\u00e3o municipal a resolv\u00ea-las, \u00e0s vezes com a &#8216;faca no pesco\u00e7o&#8217;. Sem recursos para tudo, o gestor municipal tem que se virar e \u00e9 obrigado a recorrer \u00e0s esferas estadual e federal, em busca de verbas complementares para [&hellip;]<\/p>\n","protected":false},"author":2,"featured_media":120431,"comment_status":"closed","ping_status":"open","sticky":false,"template":"","format":"standard","meta":{"footnotes":"","_links_to":"","_links_to_target":""},"categories":[1],"tags":[],"class_list":["post-120429","post","type-post","status-publish","format-standard","has-post-thumbnail","hentry","category-geral"],"views":1224,"_links":{"self":[{"href":"https:\/\/www.sudoestehoje.com.br\/novoportal\/wp-json\/wp\/v2\/posts\/120429","targetHints":{"allow":["GET"]}}],"collection":[{"href":"https:\/\/www.sudoestehoje.com.br\/novoportal\/wp-json\/wp\/v2\/posts"}],"about":[{"href":"https:\/\/www.sudoestehoje.com.br\/novoportal\/wp-json\/wp\/v2\/types\/post"}],"author":[{"embeddable":true,"href":"https:\/\/www.sudoestehoje.com.br\/novoportal\/wp-json\/wp\/v2\/users\/2"}],"replies":[{"embeddable":true,"href":"https:\/\/www.sudoestehoje.com.br\/novoportal\/wp-json\/wp\/v2\/comments?post=120429"}],"version-history":[{"count":3,"href":"https:\/\/www.sudoestehoje.com.br\/novoportal\/wp-json\/wp\/v2\/posts\/120429\/revisions"}],"predecessor-version":[{"id":120433,"href":"https:\/\/www.sudoestehoje.com.br\/novoportal\/wp-json\/wp\/v2\/posts\/120429\/revisions\/120433"}],"wp:featuredmedia":[{"embeddable":true,"href":"https:\/\/www.sudoestehoje.com.br\/novoportal\/wp-json\/wp\/v2\/media\/120431"}],"wp:attachment":[{"href":"https:\/\/www.sudoestehoje.com.br\/novoportal\/wp-json\/wp\/v2\/media?parent=120429"}],"wp:term":[{"taxonomy":"category","embeddable":true,"href":"https:\/\/www.sudoestehoje.com.br\/novoportal\/wp-json\/wp\/v2\/categories?post=120429"},{"taxonomy":"post_tag","embeddable":true,"href":"https:\/\/www.sudoestehoje.com.br\/novoportal\/wp-json\/wp\/v2\/tags?post=120429"}],"curies":[{"name":"wp","href":"https:\/\/api.w.org\/{rel}","templated":true}]}}