
{"id":120409,"date":"2025-01-24T10:31:49","date_gmt":"2025-01-24T13:31:49","guid":{"rendered":"https:\/\/www.sudoestehoje.com.br\/novoportal\/?p=120409"},"modified":"2025-01-24T10:31:49","modified_gmt":"2025-01-24T13:31:49","slug":"itapetinga-sinal-na-tv-sudoeste-volta-apos-intervencao-do-sudoeste-hoje","status":"publish","type":"post","link":"https:\/\/www.sudoestehoje.com.br\/novoportal\/2025\/01\/24\/itapetinga-sinal-na-tv-sudoeste-volta-apos-intervencao-do-sudoeste-hoje\/","title":{"rendered":"ITAPETINGA | SINAL NA TV SUDOESTE VOLTA, AP\u00d3S INTERVEN\u00c7\u00c3O DO SUDOESTE HOJE"},"content":{"rendered":"<p><img loading=\"lazy\" decoding=\"async\" class=\"alignnone  wp-image-120410\" src=\"https:\/\/www.sudoestehoje.com.br\/novoportal\/wp-content\/uploads\/2025\/01\/Imagem-do-WhatsApp-de-2025-01-24-as-10.24.09_08780fe8.jpg\" alt=\"\" width=\"551\" height=\"1032\" \/><\/p>\n<p><strong>Ap\u00f3s postagem do site Sudoeste Hoje, na manh\u00e3 desta sexta-feira (24), o diretor geral da emissora em Vit\u00f3ria da Conquista entrou em contato com o editor do blog, informando que estaria adotando provid\u00eancia imediata para o retorno do sinal da TV Sudoeste em Itapetinga.<\/strong><\/p>\n<p><strong>Logo em seguida, o Diretor da emissora voltou a fazer contato, informando que o sinal da Globo na cidade, estava restabelecido.\u00a0<\/strong><\/p>\n<p><strong>Nossos agradecimentos ao amigo Ca\u00fato, diretor geral da TV Sudoeste, em Vit\u00f3ria da Conquista.\u00a0<\/strong><\/p>\n<p><strong>Por Davi Ferraz<\/strong><\/p>\n","protected":false},"excerpt":{"rendered":"<p>Ap\u00f3s postagem do site Sudoeste Hoje, na manh\u00e3 desta sexta-feira (24), o diretor geral da emissora em Vit\u00f3ria da Conquista entrou em contato com o editor do blog, informando que estaria adotando provid\u00eancia imediata para o retorno do sinal da TV Sudoeste em Itapetinga. Logo em seguida, o Diretor da emissora voltou a fazer contato, [&hellip;]<\/p>\n","protected":false},"author":2,"featured_media":120410,"comment_status":"closed","ping_status":"open","sticky":false,"template":"","format":"standard","meta":{"footnotes":"","_links_to":"","_links_to_target":""},"categories":[1],"tags":[],"class_list":["post-120409","post","type-post","status-publish","format-standard","has-post-thumbnail","hentry","category-geral"],"views":882,"_links":{"self":[{"href":"https:\/\/www.sudoestehoje.com.br\/novoportal\/wp-json\/wp\/v2\/posts\/120409","targetHints":{"allow":["GET"]}}],"collection":[{"href":"https:\/\/www.sudoestehoje.com.br\/novoportal\/wp-json\/wp\/v2\/posts"}],"about":[{"href":"https:\/\/www.sudoestehoje.com.br\/novoportal\/wp-json\/wp\/v2\/types\/post"}],"author":[{"embeddable":true,"href":"https:\/\/www.sudoestehoje.com.br\/novoportal\/wp-json\/wp\/v2\/users\/2"}],"replies":[{"embeddable":true,"href":"https:\/\/www.sudoestehoje.com.br\/novoportal\/wp-json\/wp\/v2\/comments?post=120409"}],"version-history":[{"count":2,"href":"https:\/\/www.sudoestehoje.com.br\/novoportal\/wp-json\/wp\/v2\/posts\/120409\/revisions"}],"predecessor-version":[{"id":120412,"href":"https:\/\/www.sudoestehoje.com.br\/novoportal\/wp-json\/wp\/v2\/posts\/120409\/revisions\/120412"}],"wp:featuredmedia":[{"embeddable":true,"href":"https:\/\/www.sudoestehoje.com.br\/novoportal\/wp-json\/wp\/v2\/media\/120410"}],"wp:attachment":[{"href":"https:\/\/www.sudoestehoje.com.br\/novoportal\/wp-json\/wp\/v2\/media?parent=120409"}],"wp:term":[{"taxonomy":"category","embeddable":true,"href":"https:\/\/www.sudoestehoje.com.br\/novoportal\/wp-json\/wp\/v2\/categories?post=120409"},{"taxonomy":"post_tag","embeddable":true,"href":"https:\/\/www.sudoestehoje.com.br\/novoportal\/wp-json\/wp\/v2\/tags?post=120409"}],"curies":[{"name":"wp","href":"https:\/\/api.w.org\/{rel}","templated":true}]}}