
{"id":120404,"date":"2025-01-24T08:55:45","date_gmt":"2025-01-24T11:55:45","guid":{"rendered":"https:\/\/www.sudoestehoje.com.br\/novoportal\/?p=120404"},"modified":"2025-01-24T08:55:45","modified_gmt":"2025-01-24T11:55:45","slug":"itapetinga-continua-sem-sinal-aberto-da-tv-sudoeste-ha-mais-de-uma-semana","status":"publish","type":"post","link":"https:\/\/www.sudoestehoje.com.br\/novoportal\/2025\/01\/24\/itapetinga-continua-sem-sinal-aberto-da-tv-sudoeste-ha-mais-de-uma-semana\/","title":{"rendered":"ITAPETINGA CONTINUA SEM SINAL ABERTO DA TV SUDOESTE H\u00c1 MAIS DE UMA SEMANA"},"content":{"rendered":"<p><img loading=\"lazy\" decoding=\"async\" class=\"alignnone  wp-image-120406\" src=\"https:\/\/www.sudoestehoje.com.br\/novoportal\/wp-content\/uploads\/2025\/01\/hq720-1.jpg\" alt=\"\" width=\"549\" height=\"309\" \/><\/p>\n<p><strong>H\u00e1 cerca de uma semana, o sinal aberto da TV Sudoeste (Rede Bahia -Globo) saiu do ar, sem maiores explica\u00e7\u00f5es e provid\u00eancias, em Itapetinga.<\/strong><\/p>\n<p><strong>O sinal de TV digital aberta \u00e9 de responsabilidade da emissora, segundo informa\u00e7\u00f5es colhidas pelo blog.<\/strong><\/p>\n<p><strong>Atrav\u00e9s de mensagem no zap, o Sudoeste Hoje entrou em contato com a dire\u00e7\u00e3o da emissora, para informar o desligamento do sinal da Globo na &#8216;Capital da Pecu\u00e1ria&#8217; e solicitar provid\u00eancias.<\/strong><\/p>\n<p><strong>Reda\u00e7\u00e3o SH\u00a0<\/strong><\/p>\n","protected":false},"excerpt":{"rendered":"<p>H\u00e1 cerca de uma semana, o sinal aberto da TV Sudoeste (Rede Bahia -Globo) saiu do ar, sem maiores explica\u00e7\u00f5es e provid\u00eancias, em Itapetinga. O sinal de TV digital aberta \u00e9 de responsabilidade da emissora, segundo informa\u00e7\u00f5es colhidas pelo blog. Atrav\u00e9s de mensagem no zap, o Sudoeste Hoje entrou em contato com a dire\u00e7\u00e3o da [&hellip;]<\/p>\n","protected":false},"author":2,"featured_media":120406,"comment_status":"closed","ping_status":"open","sticky":false,"template":"","format":"standard","meta":{"footnotes":"","_links_to":"","_links_to_target":""},"categories":[1],"tags":[],"class_list":["post-120404","post","type-post","status-publish","format-standard","has-post-thumbnail","hentry","category-geral"],"views":1122,"_links":{"self":[{"href":"https:\/\/www.sudoestehoje.com.br\/novoportal\/wp-json\/wp\/v2\/posts\/120404","targetHints":{"allow":["GET"]}}],"collection":[{"href":"https:\/\/www.sudoestehoje.com.br\/novoportal\/wp-json\/wp\/v2\/posts"}],"about":[{"href":"https:\/\/www.sudoestehoje.com.br\/novoportal\/wp-json\/wp\/v2\/types\/post"}],"author":[{"embeddable":true,"href":"https:\/\/www.sudoestehoje.com.br\/novoportal\/wp-json\/wp\/v2\/users\/2"}],"replies":[{"embeddable":true,"href":"https:\/\/www.sudoestehoje.com.br\/novoportal\/wp-json\/wp\/v2\/comments?post=120404"}],"version-history":[{"count":3,"href":"https:\/\/www.sudoestehoje.com.br\/novoportal\/wp-json\/wp\/v2\/posts\/120404\/revisions"}],"predecessor-version":[{"id":120408,"href":"https:\/\/www.sudoestehoje.com.br\/novoportal\/wp-json\/wp\/v2\/posts\/120404\/revisions\/120408"}],"wp:featuredmedia":[{"embeddable":true,"href":"https:\/\/www.sudoestehoje.com.br\/novoportal\/wp-json\/wp\/v2\/media\/120406"}],"wp:attachment":[{"href":"https:\/\/www.sudoestehoje.com.br\/novoportal\/wp-json\/wp\/v2\/media?parent=120404"}],"wp:term":[{"taxonomy":"category","embeddable":true,"href":"https:\/\/www.sudoestehoje.com.br\/novoportal\/wp-json\/wp\/v2\/categories?post=120404"},{"taxonomy":"post_tag","embeddable":true,"href":"https:\/\/www.sudoestehoje.com.br\/novoportal\/wp-json\/wp\/v2\/tags?post=120404"}],"curies":[{"name":"wp","href":"https:\/\/api.w.org\/{rel}","templated":true}]}}