
{"id":120396,"date":"2025-01-23T08:58:50","date_gmt":"2025-01-23T11:58:50","guid":{"rendered":"https:\/\/www.sudoestehoje.com.br\/novoportal\/?p=120396"},"modified":"2025-01-23T08:59:52","modified_gmt":"2025-01-23T11:59:52","slug":"tcu-bloqueia-r-6-bilhoes-do-programa-pe-de-meia-apos-constatar-irregularidades","status":"publish","type":"post","link":"https:\/\/www.sudoestehoje.com.br\/novoportal\/2025\/01\/23\/tcu-bloqueia-r-6-bilhoes-do-programa-pe-de-meia-apos-constatar-irregularidades\/","title":{"rendered":"TCU BLOQUEIA R$ 6 BILH\u00d5ES DO PROGRAMA &#8216;P\u00c9 DE MEIA&#8217; AP\u00d3S CONSTATAR IRREGULARIDADES"},"content":{"rendered":"<p><img loading=\"lazy\" decoding=\"async\" class=\"alignnone wp-image-120400\" src=\"https:\/\/www.sudoestehoje.com.br\/novoportal\/wp-content\/uploads\/2025\/01\/pe-de-meia.jpg\" alt=\"\" width=\"551\" height=\"298\" \/><\/p>\n<p><strong>O Tribunal de Contas da Uni\u00e3o (<a href=\"https:\/\/portal.tcu.gov.br\/\" target=\"_blank\" rel=\"noopener\">TCU<\/a>) determinou, nesta quarta-feira (22\/1), o bloqueio de recursos do programa P\u00e9-de-Meia. A decis\u00e3o foi tomada pelo plen\u00e1rio da corte e resulta na reten\u00e7\u00e3o de R$ 6 bilh\u00f5es. A delibera\u00e7\u00e3o foi em car\u00e1ter cautelar, o que significa que o m\u00e9rito da quest\u00e3o ainda n\u00e3o foi julgado.<\/strong><\/p>\n<p><strong>A Advocacia-Geral da Uni\u00e3o (AGU) recorreu da decis\u00e3o em nome do governo no fim da tarde desta quarta.<\/strong><\/p>\n<p><strong>Entenda<\/strong><\/p>\n<p><strong>O programa P\u00e9-de-Meia consiste no pagamento mensal de R$ 200 a estudantes mediante \u00e0 frequ\u00eancia. Ao conclu\u00edrem a etapa de ensino, eles recebem R$ 3.000.<\/strong><\/p>\n<p><strong>Relat\u00f3rio do TCU sobre o caso indica que os recursos do P\u00e9-de-Meia n\u00e3o estavam previstos no Or\u00e7amento Geral da Uni\u00e3o (OGU).<\/strong><\/p>\n<p><strong>A decis\u00e3o \u00e9 cautelar, ou seja, provis\u00f3ria. O julgamento sobre as \u201cposs\u00edveis irregularidades\u201d ainda n\u00e3o aconteceu.<\/strong><\/p>\n<p><strong>A principal irregularidade seria o fato de os recursos utilizados no programa n\u00e3o estarem previstos no Or\u00e7amento Geral da Uni\u00e3o (OGU). \u201cA legisla\u00e7\u00e3o que criou o programa permite \u00e0 Uni\u00e3o transferir recursos a esse fundo [Fipem-Fundo de Incentivo \u00e0 Perman\u00eancia no Ensino M\u00e9dio], por\u00e9m, ela n\u00e3o permite que o pagamento dos incentivos aos estudantes com recursos depositados no Fipem se d\u00ea \u00e0 margem do or\u00e7amento\u201d, diz trecho do voto do relator, ministro Augusto Nardes.<\/strong><\/p>\n","protected":false},"excerpt":{"rendered":"<p>O Tribunal de Contas da Uni\u00e3o (TCU) determinou, nesta quarta-feira (22\/1), o bloqueio de recursos do programa P\u00e9-de-Meia. A decis\u00e3o foi tomada pelo plen\u00e1rio da corte e resulta na reten\u00e7\u00e3o de R$ 6 bilh\u00f5es. A delibera\u00e7\u00e3o foi em car\u00e1ter cautelar, o que significa que o m\u00e9rito da quest\u00e3o ainda n\u00e3o foi julgado. A Advocacia-Geral da [&hellip;]<\/p>\n","protected":false},"author":2,"featured_media":120400,"comment_status":"closed","ping_status":"open","sticky":false,"template":"","format":"standard","meta":{"footnotes":"","_links_to":"","_links_to_target":""},"categories":[1],"tags":[],"class_list":["post-120396","post","type-post","status-publish","format-standard","has-post-thumbnail","hentry","category-geral"],"views":698,"_links":{"self":[{"href":"https:\/\/www.sudoestehoje.com.br\/novoportal\/wp-json\/wp\/v2\/posts\/120396","targetHints":{"allow":["GET"]}}],"collection":[{"href":"https:\/\/www.sudoestehoje.com.br\/novoportal\/wp-json\/wp\/v2\/posts"}],"about":[{"href":"https:\/\/www.sudoestehoje.com.br\/novoportal\/wp-json\/wp\/v2\/types\/post"}],"author":[{"embeddable":true,"href":"https:\/\/www.sudoestehoje.com.br\/novoportal\/wp-json\/wp\/v2\/users\/2"}],"replies":[{"embeddable":true,"href":"https:\/\/www.sudoestehoje.com.br\/novoportal\/wp-json\/wp\/v2\/comments?post=120396"}],"version-history":[{"count":6,"href":"https:\/\/www.sudoestehoje.com.br\/novoportal\/wp-json\/wp\/v2\/posts\/120396\/revisions"}],"predecessor-version":[{"id":120403,"href":"https:\/\/www.sudoestehoje.com.br\/novoportal\/wp-json\/wp\/v2\/posts\/120396\/revisions\/120403"}],"wp:featuredmedia":[{"embeddable":true,"href":"https:\/\/www.sudoestehoje.com.br\/novoportal\/wp-json\/wp\/v2\/media\/120400"}],"wp:attachment":[{"href":"https:\/\/www.sudoestehoje.com.br\/novoportal\/wp-json\/wp\/v2\/media?parent=120396"}],"wp:term":[{"taxonomy":"category","embeddable":true,"href":"https:\/\/www.sudoestehoje.com.br\/novoportal\/wp-json\/wp\/v2\/categories?post=120396"},{"taxonomy":"post_tag","embeddable":true,"href":"https:\/\/www.sudoestehoje.com.br\/novoportal\/wp-json\/wp\/v2\/tags?post=120396"}],"curies":[{"name":"wp","href":"https:\/\/api.w.org\/{rel}","templated":true}]}}