
{"id":120388,"date":"2025-01-22T09:43:35","date_gmt":"2025-01-22T12:43:35","guid":{"rendered":"https:\/\/www.sudoestehoje.com.br\/novoportal\/?p=120388"},"modified":"2025-01-22T09:43:35","modified_gmt":"2025-01-22T12:43:35","slug":"gerente-da-embasa-e-preso-em-flagrante-por-crime-ambiental-no-sul-da-bahia","status":"publish","type":"post","link":"https:\/\/www.sudoestehoje.com.br\/novoportal\/2025\/01\/22\/gerente-da-embasa-e-preso-em-flagrante-por-crime-ambiental-no-sul-da-bahia\/","title":{"rendered":"GERENTE DA EMBASA \u00c9 PRESO EM FLAGRANTE POR CRIME AMBIENTAL NO SUL DA BAHIA"},"content":{"rendered":"<div id=\"chunk-82of0\">\n<div class=\"mc-column content-text active-extra-styles \" data-block-type=\"unstyled\" data-block-weight=\"49\" data-block-id=\"2\">\n<p data-track-category=\"Link no Texto\" data-track-links=\"\" data-mrf-recirculation=\"Mat\u00e9ria - Links no Texto\"><img loading=\"lazy\" decoding=\"async\" class=\"alignnone  wp-image-120390\" src=\"https:\/\/www.sudoestehoje.com.br\/novoportal\/wp-content\/uploads\/2025\/01\/Imagem-do-WhatsApp-de-2025-01-22-as-09.39.14_b58ce794.jpg\" alt=\"\" width=\"549\" height=\"339\" \/><\/p>\n<p class=\" content-text__container \" data-track-category=\"Link no Texto\" data-track-links=\"\" data-mrf-recirculation=\"Mat\u00e9ria - Links no Texto\"><strong>O gerente regional da Empresa Baiana de \u00c1guas e Saneamento (Embasa) foi preso em flagrante na ter\u00e7a-feira (12), em\u00a0<a class=\"\" href=\"https:\/\/g1.globo.com\/ba\/bahia\/cidade\/itamaraju\/\" data-mrf-link=\"https:\/\/g1.globo.com\/ba\/bahia\/cidade\/itamaraju\/\">Itamaraju<\/a>, no extremo sul da Bahia, ap\u00f3s den\u00fancias de crime ambiental. Segundo investiga\u00e7\u00f5es,\u00a0<span class=\"highlight highlighted\">a empresa descartava materiais de forma irregular em buracos cavados inadequadamente em \u00e1reas pr\u00f3ximas a resid\u00eancias.<\/span><\/strong><\/p>\n<\/div>\n<\/div>\n<div class=\"wall protected-content\">\n<div id=\"chunk-8c8o3\">\n<div class=\"mc-column content-text active-extra-styles \" data-block-type=\"unstyled\" data-block-weight=\"48\" data-block-id=\"4\">\n<p class=\" content-text__container \" data-track-category=\"Link no Texto\" data-track-links=\"\" data-mrf-recirculation=\"Mat\u00e9ria - Links no Texto\"><strong>A a\u00e7\u00e3o foi uma opera\u00e7\u00e3o conjunta do Minist\u00e9rio P\u00fablico da Bahia (MP-BA), da Secretaria de Meio Ambiente e da Pol\u00edcia Militar. Al\u00e9m da pris\u00e3o do gerente regional, a empresa dever\u00e1 pagar uma multa de\u00a0R$ 318 mil\u00a0por degrada\u00e7\u00e3o ambiental, oculta\u00e7\u00e3o de material e desconforto respirat\u00f3rio e olfativo.<\/strong><\/p>\n<\/div>\n<\/div>\n<div id=\"chunk-59rf1\">\n<div class=\"mc-column content-text active-extra-styles \" data-block-type=\"unstyled\" data-block-weight=\"28\" data-block-id=\"5\">\n<p class=\" content-text__container \" data-track-category=\"Link no Texto\" data-track-links=\"\" data-mrf-recirculation=\"Mat\u00e9ria - Links no Texto\"><strong>A TV Santa Cruz, afiliada do\u00a0<a class=\"\" href=\"https:\/\/g1.globo.com\/ba\/bahia\/\" data-mrf-link=\"https:\/\/g1.globo.com\/ba\/bahia\/\">g1\u00a0<\/a>em Itabuna, no sul da Bahia, pediu um posicionamento para a Embasa, mas n\u00e3o teve retorno at\u00e9 a publica\u00e7\u00e3o desta reportagem.<\/strong><\/p>\n<\/div>\n<\/div>\n<\/div>\n","protected":false},"excerpt":{"rendered":"<p>O gerente regional da Empresa Baiana de \u00c1guas e Saneamento (Embasa) foi preso em flagrante na ter\u00e7a-feira (12), em\u00a0Itamaraju, no extremo sul da Bahia, ap\u00f3s den\u00fancias de crime ambiental. Segundo investiga\u00e7\u00f5es,\u00a0a empresa descartava materiais de forma irregular em buracos cavados inadequadamente em \u00e1reas pr\u00f3ximas a resid\u00eancias. A a\u00e7\u00e3o foi uma opera\u00e7\u00e3o conjunta do Minist\u00e9rio P\u00fablico [&hellip;]<\/p>\n","protected":false},"author":2,"featured_media":120390,"comment_status":"closed","ping_status":"open","sticky":false,"template":"","format":"standard","meta":{"footnotes":"","_links_to":"","_links_to_target":""},"categories":[1],"tags":[],"class_list":["post-120388","post","type-post","status-publish","format-standard","has-post-thumbnail","hentry","category-geral"],"views":841,"_links":{"self":[{"href":"https:\/\/www.sudoestehoje.com.br\/novoportal\/wp-json\/wp\/v2\/posts\/120388","targetHints":{"allow":["GET"]}}],"collection":[{"href":"https:\/\/www.sudoestehoje.com.br\/novoportal\/wp-json\/wp\/v2\/posts"}],"about":[{"href":"https:\/\/www.sudoestehoje.com.br\/novoportal\/wp-json\/wp\/v2\/types\/post"}],"author":[{"embeddable":true,"href":"https:\/\/www.sudoestehoje.com.br\/novoportal\/wp-json\/wp\/v2\/users\/2"}],"replies":[{"embeddable":true,"href":"https:\/\/www.sudoestehoje.com.br\/novoportal\/wp-json\/wp\/v2\/comments?post=120388"}],"version-history":[{"count":2,"href":"https:\/\/www.sudoestehoje.com.br\/novoportal\/wp-json\/wp\/v2\/posts\/120388\/revisions"}],"predecessor-version":[{"id":120391,"href":"https:\/\/www.sudoestehoje.com.br\/novoportal\/wp-json\/wp\/v2\/posts\/120388\/revisions\/120391"}],"wp:featuredmedia":[{"embeddable":true,"href":"https:\/\/www.sudoestehoje.com.br\/novoportal\/wp-json\/wp\/v2\/media\/120390"}],"wp:attachment":[{"href":"https:\/\/www.sudoestehoje.com.br\/novoportal\/wp-json\/wp\/v2\/media?parent=120388"}],"wp:term":[{"taxonomy":"category","embeddable":true,"href":"https:\/\/www.sudoestehoje.com.br\/novoportal\/wp-json\/wp\/v2\/categories?post=120388"},{"taxonomy":"post_tag","embeddable":true,"href":"https:\/\/www.sudoestehoje.com.br\/novoportal\/wp-json\/wp\/v2\/tags?post=120388"}],"curies":[{"name":"wp","href":"https:\/\/api.w.org\/{rel}","templated":true}]}}