
{"id":120362,"date":"2025-01-20T23:37:29","date_gmt":"2025-01-21T02:37:29","guid":{"rendered":"https:\/\/www.sudoestehoje.com.br\/novoportal\/?p=120362"},"modified":"2025-01-20T23:37:29","modified_gmt":"2025-01-21T02:37:29","slug":"morre-o-comerciante-eufrasio-pires","status":"publish","type":"post","link":"https:\/\/www.sudoestehoje.com.br\/novoportal\/2025\/01\/20\/morre-o-comerciante-eufrasio-pires\/","title":{"rendered":"MORRE O COMERCIANTE EUFRASIO PIRES"},"content":{"rendered":"<p><img loading=\"lazy\" decoding=\"async\" class=\"alignnone  wp-image-120363\" src=\"https:\/\/www.sudoestehoje.com.br\/novoportal\/wp-content\/uploads\/2025\/01\/Imagem-do-WhatsApp-de-2025-01-20-as-23.34.40_026a935e.jpg\" alt=\"\" width=\"549\" height=\"521\" \/><\/p>\n<p><strong>Comunicamos o falecimento do conhecido comerciante de Itapetinga, EUFR\u00c1SIO PIRES, 88 anos, ocorrido na tarde desta segunda-feira (20), de causas naturais.<\/strong><\/p>\n<p><strong>De acordo com informa\u00e7\u00f5es de familiares, o Sr. Eufr\u00e1sio passava por complica\u00e7\u00f5es de sa\u00fade e estava internado no Hospital Cristo Redentor, onde veio a falecer, deixando a esposa Irene e as filhas Virg\u00ednia e D\u00e9bora.<\/strong><\/p>\n<p><strong>O corpo est\u00e1 sendo velado na Igreja Vida Nova, localizada na Av. Gerson de Oliveira, na Nova Itapetinga.<\/strong><\/p>\n<p><strong>O Sudoeste Hoje lamenta a perda do gentil amigo Eufr\u00e1sio e estende seu pesar \u00e0 fam\u00edlia enlutada.<\/strong><\/p>\n<p><strong>Davi Ferraz &#8211; Editor<\/strong><\/p>\n","protected":false},"excerpt":{"rendered":"<p>Comunicamos o falecimento do conhecido comerciante de Itapetinga, EUFR\u00c1SIO PIRES, 88 anos, ocorrido na tarde desta segunda-feira (20), de causas naturais. De acordo com informa\u00e7\u00f5es de familiares, o Sr. Eufr\u00e1sio passava por complica\u00e7\u00f5es de sa\u00fade e estava internado no Hospital Cristo Redentor, onde veio a falecer, deixando a esposa Irene e as filhas Virg\u00ednia e [&hellip;]<\/p>\n","protected":false},"author":2,"featured_media":120363,"comment_status":"closed","ping_status":"open","sticky":false,"template":"","format":"standard","meta":{"footnotes":"","_links_to":"","_links_to_target":""},"categories":[1],"tags":[],"class_list":["post-120362","post","type-post","status-publish","format-standard","has-post-thumbnail","hentry","category-geral"],"views":1036,"_links":{"self":[{"href":"https:\/\/www.sudoestehoje.com.br\/novoportal\/wp-json\/wp\/v2\/posts\/120362","targetHints":{"allow":["GET"]}}],"collection":[{"href":"https:\/\/www.sudoestehoje.com.br\/novoportal\/wp-json\/wp\/v2\/posts"}],"about":[{"href":"https:\/\/www.sudoestehoje.com.br\/novoportal\/wp-json\/wp\/v2\/types\/post"}],"author":[{"embeddable":true,"href":"https:\/\/www.sudoestehoje.com.br\/novoportal\/wp-json\/wp\/v2\/users\/2"}],"replies":[{"embeddable":true,"href":"https:\/\/www.sudoestehoje.com.br\/novoportal\/wp-json\/wp\/v2\/comments?post=120362"}],"version-history":[{"count":2,"href":"https:\/\/www.sudoestehoje.com.br\/novoportal\/wp-json\/wp\/v2\/posts\/120362\/revisions"}],"predecessor-version":[{"id":120365,"href":"https:\/\/www.sudoestehoje.com.br\/novoportal\/wp-json\/wp\/v2\/posts\/120362\/revisions\/120365"}],"wp:featuredmedia":[{"embeddable":true,"href":"https:\/\/www.sudoestehoje.com.br\/novoportal\/wp-json\/wp\/v2\/media\/120363"}],"wp:attachment":[{"href":"https:\/\/www.sudoestehoje.com.br\/novoportal\/wp-json\/wp\/v2\/media?parent=120362"}],"wp:term":[{"taxonomy":"category","embeddable":true,"href":"https:\/\/www.sudoestehoje.com.br\/novoportal\/wp-json\/wp\/v2\/categories?post=120362"},{"taxonomy":"post_tag","embeddable":true,"href":"https:\/\/www.sudoestehoje.com.br\/novoportal\/wp-json\/wp\/v2\/tags?post=120362"}],"curies":[{"name":"wp","href":"https:\/\/api.w.org\/{rel}","templated":true}]}}