
{"id":120343,"date":"2025-01-17T10:00:47","date_gmt":"2025-01-17T13:00:47","guid":{"rendered":"https:\/\/www.sudoestehoje.com.br\/novoportal\/?p=120343"},"modified":"2025-01-17T10:00:47","modified_gmt":"2025-01-17T13:00:47","slug":"sei-nao-jeronimo-diz-que-nao-sabia-que-policlinica-de-itapetinga-estava-sendo-construida-em-area-de-risco","status":"publish","type":"post","link":"https:\/\/www.sudoestehoje.com.br\/novoportal\/2025\/01\/17\/sei-nao-jeronimo-diz-que-nao-sabia-que-policlinica-de-itapetinga-estava-sendo-construida-em-area-de-risco\/","title":{"rendered":"&#8216;SEI N\u00c3O&#8217; | JER\u00d4NIMO DIZ QUE N\u00c3O SABIA QUE POLICL\u00cdNICA DE ITAPETINGA ESTAVA SENDO CONSTRU\u00cdDA EM \u00c1REA DE RISCO"},"content":{"rendered":"<p><img loading=\"lazy\" decoding=\"async\" class=\"alignnone  wp-image-120346\" src=\"https:\/\/www.sudoestehoje.com.br\/novoportal\/wp-content\/uploads\/2025\/01\/Jeronimo-1.jpeg\" alt=\"\" width=\"551\" height=\"386\" \/><\/p>\n<p><strong>Ap\u00f3s repercuss\u00e3o em toda a Bahia da den\u00fancia feita pelo Sudoeste Hoje, repercutida pelo Bahia Not\u00edcias, sobre a constru\u00e7\u00e3o da Policl\u00ednica Regional de Itapetinga em \u00e1rea inund\u00e1vel pelo Rio Catol\u00e9, o governador, finalmente, se pronunciou sobre o assunto, em uma coletiva para a imprensa.<\/strong><\/p>\n<p><strong>O governador Jer\u00f4nimo Rodrigues (PT), afirmou nesta segunda-feira (6) que desconhece a informa\u00e7\u00e3o de que a Policl\u00ednica Regional de Itapetinga est\u00e1 sendo constru\u00edda em \u00e1rea de risco constante de alagamentos. Durante an\u00fancio de investimentos em educa\u00e7\u00e3o, o chefe do Executivo afirmou aos jornalistas que sua equipe sempre faz estudo antes de iniciar alguma obra.<\/strong><\/p>\n<p><strong><em>\u201cN\u00e3o chegou para mim, atrav\u00e9s da minha secret\u00e1ria Roberta[Santana], porque a gente senta e olha todos os terrenos. Eu fa\u00e7o isso com a secret\u00e1ria Roberta diariamente. Cada escola que a gente vai construir, a gente faz esse estudo inteiro da SEC ou da CONDER. No caso da Policl\u00ednica, \u00e9 a SESAB e a CONDER. Estou saindo daqui agora para ver. Eu n\u00e3o recebi nenhuma comunica\u00e7\u00e3o. Vou pedir \u00e0 secret\u00e1ria Roberta que me oriente. Se tiver, n\u00f3s temos que mudar. N\u00f3s n\u00e3o vamos construir nada que amanh\u00e3 ou depois com dinheiro p\u00fablico, possa p\u00f4r risco de preju\u00edzo\u201d<\/em>, afirma Jer\u00f4nimo.<\/strong><\/p>\n<p><strong>A constru\u00e7\u00e3o da Policl\u00ednica de Itapetinga, al\u00e9m de ferir o bom senso pela escolha equivocada do local, fere a legisla\u00e7\u00e3o ambiental, por invadir e degradar \u00e1rea considerada como de &#8216;preserva\u00e7\u00e3o ambiental permanente (APP)&#8217;, o que constitui crime ambiental. \/\/Sudoeste Hoje com informa\u00e7\u00f5es do Bahia.Ba\u00a0<\/strong><\/p>\n","protected":false},"excerpt":{"rendered":"<p>Ap\u00f3s repercuss\u00e3o em toda a Bahia da den\u00fancia feita pelo Sudoeste Hoje, repercutida pelo Bahia Not\u00edcias, sobre a constru\u00e7\u00e3o da Policl\u00ednica Regional de Itapetinga em \u00e1rea inund\u00e1vel pelo Rio Catol\u00e9, o governador, finalmente, se pronunciou sobre o assunto, em uma coletiva para a imprensa. O governador Jer\u00f4nimo Rodrigues (PT), afirmou nesta segunda-feira (6) que desconhece [&hellip;]<\/p>\n","protected":false},"author":2,"featured_media":120346,"comment_status":"closed","ping_status":"open","sticky":false,"template":"","format":"standard","meta":{"footnotes":"","_links_to":"","_links_to_target":""},"categories":[1],"tags":[],"class_list":["post-120343","post","type-post","status-publish","format-standard","has-post-thumbnail","hentry","category-geral"],"views":1987,"_links":{"self":[{"href":"https:\/\/www.sudoestehoje.com.br\/novoportal\/wp-json\/wp\/v2\/posts\/120343","targetHints":{"allow":["GET"]}}],"collection":[{"href":"https:\/\/www.sudoestehoje.com.br\/novoportal\/wp-json\/wp\/v2\/posts"}],"about":[{"href":"https:\/\/www.sudoestehoje.com.br\/novoportal\/wp-json\/wp\/v2\/types\/post"}],"author":[{"embeddable":true,"href":"https:\/\/www.sudoestehoje.com.br\/novoportal\/wp-json\/wp\/v2\/users\/2"}],"replies":[{"embeddable":true,"href":"https:\/\/www.sudoestehoje.com.br\/novoportal\/wp-json\/wp\/v2\/comments?post=120343"}],"version-history":[{"count":2,"href":"https:\/\/www.sudoestehoje.com.br\/novoportal\/wp-json\/wp\/v2\/posts\/120343\/revisions"}],"predecessor-version":[{"id":120347,"href":"https:\/\/www.sudoestehoje.com.br\/novoportal\/wp-json\/wp\/v2\/posts\/120343\/revisions\/120347"}],"wp:featuredmedia":[{"embeddable":true,"href":"https:\/\/www.sudoestehoje.com.br\/novoportal\/wp-json\/wp\/v2\/media\/120346"}],"wp:attachment":[{"href":"https:\/\/www.sudoestehoje.com.br\/novoportal\/wp-json\/wp\/v2\/media?parent=120343"}],"wp:term":[{"taxonomy":"category","embeddable":true,"href":"https:\/\/www.sudoestehoje.com.br\/novoportal\/wp-json\/wp\/v2\/categories?post=120343"},{"taxonomy":"post_tag","embeddable":true,"href":"https:\/\/www.sudoestehoje.com.br\/novoportal\/wp-json\/wp\/v2\/tags?post=120343"}],"curies":[{"name":"wp","href":"https:\/\/api.w.org\/{rel}","templated":true}]}}