
{"id":120332,"date":"2025-01-17T09:24:14","date_gmt":"2025-01-17T12:24:14","guid":{"rendered":"https:\/\/www.sudoestehoje.com.br\/novoportal\/?p=120332"},"modified":"2025-01-17T09:24:14","modified_gmt":"2025-01-17T12:24:14","slug":"michele-representara-bolsonaro-na-posse-de-trump-apos-moraes-segurar-passaporte","status":"publish","type":"post","link":"https:\/\/www.sudoestehoje.com.br\/novoportal\/2025\/01\/17\/michele-representara-bolsonaro-na-posse-de-trump-apos-moraes-segurar-passaporte\/","title":{"rendered":"MICHELE REPRESENTAR\u00c1 BOLSONARO NA POSSE DE TRUMP AP\u00d3S MORAES SEGURAR PASSAPORTE"},"content":{"rendered":"<p><img loading=\"lazy\" decoding=\"async\" class=\" wp-image-120335\" src=\"https:\/\/www.sudoestehoje.com.br\/novoportal\/wp-content\/uploads\/2025\/01\/Michelle_Bolsonaro_e_Jair_Bolsonaro.jpg\" alt=\"\" width=\"551\" height=\"367\" \/><\/p>\n<p><strong>Ap\u00f3s o ministro do Supremo Tribunal Federal (STF), Alexandre de Moraes, negar nesta quinta-feira (16) a devolu\u00e7\u00e3o do passaporte do ex-presidente Jair Bolsonaro (PL), impedindo-o de comparecer \u00e0 posse do presidente eleito dos Estados Unidos, Donald Trump, sua esposa, Michelle Bolsonaro, dever\u00e1 represent\u00e1-lo no evento, programado para o pr\u00f3ximo dia 20.<\/strong><\/p>\n<p><strong>A informa\u00e7\u00e3o foi confirmada pelo pr\u00f3prio Bolsonaro durante uma entrevista ao portal \u201cFaroeste \u00e0 Brasileira\u201d nesta tarde. Al\u00e9m de Michelle, os filhos Fl\u00e1vio e Eduardo Bolsonaro tamb\u00e9m estar\u00e3o presentes na cerim\u00f4nia.<\/strong><\/p>\n<p><strong>\u201cNo s\u00e1bado de manh\u00e3, do aeroporto de Bras\u00edlia, h\u00e1 um voo para os Estados Unidos. Minha esposa ir\u00e1 para l\u00e1; ela foi convidada e receber\u00e1 um tratamento especial pela considera\u00e7\u00e3o que o presidente Trump tem por mim\u201d, afirmou Bolsonaro.<\/strong><\/p>\n<p><strong>O ex-presidente tamb\u00e9m mencionou que estava ajustando sua agenda com l\u00edderes internacionais para a pr\u00f3xima semana antes de ter o pedido de devolu\u00e7\u00e3o do passaporte negado. Com informa\u00e7\u00f5es da\u00a0<em>CNN.<\/em><\/strong><\/p>\n","protected":false},"excerpt":{"rendered":"<p>Ap\u00f3s o ministro do Supremo Tribunal Federal (STF), Alexandre de Moraes, negar nesta quinta-feira (16) a devolu\u00e7\u00e3o do passaporte do ex-presidente Jair Bolsonaro (PL), impedindo-o de comparecer \u00e0 posse do presidente eleito dos Estados Unidos, Donald Trump, sua esposa, Michelle Bolsonaro, dever\u00e1 represent\u00e1-lo no evento, programado para o pr\u00f3ximo dia 20. A informa\u00e7\u00e3o foi confirmada [&hellip;]<\/p>\n","protected":false},"author":2,"featured_media":120335,"comment_status":"closed","ping_status":"open","sticky":false,"template":"","format":"standard","meta":{"footnotes":"","_links_to":"","_links_to_target":""},"categories":[1],"tags":[],"class_list":["post-120332","post","type-post","status-publish","format-standard","has-post-thumbnail","hentry","category-geral"],"views":686,"_links":{"self":[{"href":"https:\/\/www.sudoestehoje.com.br\/novoportal\/wp-json\/wp\/v2\/posts\/120332","targetHints":{"allow":["GET"]}}],"collection":[{"href":"https:\/\/www.sudoestehoje.com.br\/novoportal\/wp-json\/wp\/v2\/posts"}],"about":[{"href":"https:\/\/www.sudoestehoje.com.br\/novoportal\/wp-json\/wp\/v2\/types\/post"}],"author":[{"embeddable":true,"href":"https:\/\/www.sudoestehoje.com.br\/novoportal\/wp-json\/wp\/v2\/users\/2"}],"replies":[{"embeddable":true,"href":"https:\/\/www.sudoestehoje.com.br\/novoportal\/wp-json\/wp\/v2\/comments?post=120332"}],"version-history":[{"count":4,"href":"https:\/\/www.sudoestehoje.com.br\/novoportal\/wp-json\/wp\/v2\/posts\/120332\/revisions"}],"predecessor-version":[{"id":120337,"href":"https:\/\/www.sudoestehoje.com.br\/novoportal\/wp-json\/wp\/v2\/posts\/120332\/revisions\/120337"}],"wp:featuredmedia":[{"embeddable":true,"href":"https:\/\/www.sudoestehoje.com.br\/novoportal\/wp-json\/wp\/v2\/media\/120335"}],"wp:attachment":[{"href":"https:\/\/www.sudoestehoje.com.br\/novoportal\/wp-json\/wp\/v2\/media?parent=120332"}],"wp:term":[{"taxonomy":"category","embeddable":true,"href":"https:\/\/www.sudoestehoje.com.br\/novoportal\/wp-json\/wp\/v2\/categories?post=120332"},{"taxonomy":"post_tag","embeddable":true,"href":"https:\/\/www.sudoestehoje.com.br\/novoportal\/wp-json\/wp\/v2\/tags?post=120332"}],"curies":[{"name":"wp","href":"https:\/\/api.w.org\/{rel}","templated":true}]}}