
{"id":120315,"date":"2025-01-16T10:40:50","date_gmt":"2025-01-16T13:40:50","guid":{"rendered":"https:\/\/www.sudoestehoje.com.br\/novoportal\/?p=120315"},"modified":"2025-01-16T10:40:50","modified_gmt":"2025-01-16T13:40:50","slug":"regiao-o-uso-correto-do-consorcio-do-medio-sudoeste-e-fundamental-e-necessario","status":"publish","type":"post","link":"https:\/\/www.sudoestehoje.com.br\/novoportal\/2025\/01\/16\/regiao-o-uso-correto-do-consorcio-do-medio-sudoeste-e-fundamental-e-necessario\/","title":{"rendered":"REGI\u00c3O | O USO CORRETO DO CONS\u00d3RCIO DO M\u00c9DIO SUDOESTE \u00c9 FUNDAMENTAL E NECESS\u00c1RIO"},"content":{"rendered":"<div class=\"WaaZC\">\n<div class=\"RJPOee EIJn2\">\n<div data-hveid=\"CAUQAQ\" data-ved=\"2ahUKEwjkmrquofqKAxUsr5UCHV7NO_IQo_EKegQIBRAB\"><img loading=\"lazy\" decoding=\"async\" class=\"alignnone  wp-image-120321\" src=\"https:\/\/www.sudoestehoje.com.br\/novoportal\/wp-content\/uploads\/2025\/01\/Imagem-do-WhatsApp-de-2025-01-16-as-10.33.12_36a9c62b.jpg\" alt=\"\" width=\"550\" height=\"290\" \/><\/div>\n<div class=\"rPeykc\" data-hveid=\"CAUQAQ\" data-ved=\"2ahUKEwjkmrquofqKAxUsr5UCHV7NO_IQo_EKegQIBRAB\">\n<p><strong>Os cons\u00f3rcios intermunicipais s\u00e3o um acordo entre munic\u00edpios para realizar atividades conjuntas, como a presta\u00e7\u00e3o de servi\u00e7os p\u00fablicos. Al\u00e9m das atribui\u00e7\u00f5es rotineiras que inclui o uso de maquin\u00e1rios para melhorias das estradas e vias p\u00fablicas nos diversos munic\u00edpios que o integram, o cons\u00f3rcio intermunicipal pode ser usado para a gest\u00e3o de servi\u00e7os de sa\u00fade, dentre outras atividades. Nesse caso, os munic\u00edpios se associam para promover, proteger e recuperar a sa\u00fade da popula\u00e7\u00e3o.\u00a0<\/strong><\/p>\n<p><strong>Criado pelo Governo do Estado, alguns cons\u00f3rcios, a exemplo do formado pelos munic\u00edpios do M\u00e9dio Sudoeste, tiveram suas atividades desvirtuadas durante anos, com o uso abusivo de seus recursos e equipamentos em atividades pol\u00edticas eleitoreiras, al\u00e9m do uso ilegal em atividades particulares, privilegiando alguns munic\u00edpios e excluindo outros, ao bel prazer do seu ex-presidente.<\/strong><\/p>\n<p><strong>Com a elei\u00e7\u00e3o da prefeita de Macarani, Selma Souto, como nova presidente, os gestores que o integram cobram democratiza\u00e7\u00e3o dos servi\u00e7os, transpar\u00eancia, equil\u00edbrio\u00a0 e equidade, elementos fundamentais para reerguer o desgastado cons\u00f3rcio na nossa regi\u00e3o.<\/strong><\/p>\n<p><strong>Itapetinga, Macarani, Caatiba, Maiquinique, Itamb\u00e9, Itoror\u00f3, Potiragu\u00e1, Firmino Alves, Ibicu\u00ed, Igua\u00ed, Firmino Alves, Nova Cana\u00e3, Encruzilhada e Santa Cruz da Vit\u00f3ria integram o Cons\u00f3rcio do M\u00e9dio Sudoeste.<\/strong><\/p>\n<p><strong>Os cons\u00f3rcios intermunicipais podem trazer vantagens como a economia de recursos financeiros e materiais, descontos na compra de medicamentos e insumos, melhoria do atendimento ao cidad\u00e3o, otimiza\u00e7\u00e3o do uso de recursos p\u00fablicos.\u00a0<\/strong><\/p>\n<p><strong>Vamos acompanhar e cobrar<\/strong><\/p>\n<p><strong>Por Davi Ferraz<\/strong><\/p>\n<\/div>\n<\/div>\n<\/div>\n","protected":false},"excerpt":{"rendered":"<p>Os cons\u00f3rcios intermunicipais s\u00e3o um acordo entre munic\u00edpios para realizar atividades conjuntas, como a presta\u00e7\u00e3o de servi\u00e7os p\u00fablicos. Al\u00e9m das atribui\u00e7\u00f5es rotineiras que inclui o uso de maquin\u00e1rios para melhorias das estradas e vias p\u00fablicas nos diversos munic\u00edpios que o integram, o cons\u00f3rcio intermunicipal pode ser usado para a gest\u00e3o de servi\u00e7os de sa\u00fade, dentre [&hellip;]<\/p>\n","protected":false},"author":2,"featured_media":120321,"comment_status":"closed","ping_status":"open","sticky":false,"template":"","format":"standard","meta":{"footnotes":"","_links_to":"","_links_to_target":""},"categories":[1],"tags":[],"class_list":["post-120315","post","type-post","status-publish","format-standard","has-post-thumbnail","hentry","category-geral"],"views":840,"_links":{"self":[{"href":"https:\/\/www.sudoestehoje.com.br\/novoportal\/wp-json\/wp\/v2\/posts\/120315","targetHints":{"allow":["GET"]}}],"collection":[{"href":"https:\/\/www.sudoestehoje.com.br\/novoportal\/wp-json\/wp\/v2\/posts"}],"about":[{"href":"https:\/\/www.sudoestehoje.com.br\/novoportal\/wp-json\/wp\/v2\/types\/post"}],"author":[{"embeddable":true,"href":"https:\/\/www.sudoestehoje.com.br\/novoportal\/wp-json\/wp\/v2\/users\/2"}],"replies":[{"embeddable":true,"href":"https:\/\/www.sudoestehoje.com.br\/novoportal\/wp-json\/wp\/v2\/comments?post=120315"}],"version-history":[{"count":7,"href":"https:\/\/www.sudoestehoje.com.br\/novoportal\/wp-json\/wp\/v2\/posts\/120315\/revisions"}],"predecessor-version":[{"id":120323,"href":"https:\/\/www.sudoestehoje.com.br\/novoportal\/wp-json\/wp\/v2\/posts\/120315\/revisions\/120323"}],"wp:featuredmedia":[{"embeddable":true,"href":"https:\/\/www.sudoestehoje.com.br\/novoportal\/wp-json\/wp\/v2\/media\/120321"}],"wp:attachment":[{"href":"https:\/\/www.sudoestehoje.com.br\/novoportal\/wp-json\/wp\/v2\/media?parent=120315"}],"wp:term":[{"taxonomy":"category","embeddable":true,"href":"https:\/\/www.sudoestehoje.com.br\/novoportal\/wp-json\/wp\/v2\/categories?post=120315"},{"taxonomy":"post_tag","embeddable":true,"href":"https:\/\/www.sudoestehoje.com.br\/novoportal\/wp-json\/wp\/v2\/tags?post=120315"}],"curies":[{"name":"wp","href":"https:\/\/api.w.org\/{rel}","templated":true}]}}