
{"id":12031,"date":"2012-01-14T00:00:39","date_gmt":"2012-01-14T03:00:39","guid":{"rendered":"http:\/\/www.sudoestehoje.com.br\/novoportal\/?p=12031"},"modified":"2012-01-14T00:15:19","modified_gmt":"2012-01-14T03:15:19","slug":"salvador-e-a-22%c2%aa-cidade-mais-violenta-do-mundo-diz-ong","status":"publish","type":"post","link":"https:\/\/www.sudoestehoje.com.br\/novoportal\/2012\/01\/14\/salvador-e-a-22%c2%aa-cidade-mais-violenta-do-mundo-diz-ong\/","title":{"rendered":"SALVADOR \u00c9 A 22\u00aa CIDADE MAIS VIOLENTA DO MUNDO, DIZ ONG"},"content":{"rendered":"<p style=\"text-align: center;\"><img decoding=\"async\" class=\"aligncenter\" src=\"http:\/\/www.temdicas.com\/wp-content\/uploads\/2011\/12\/Principais-Pontos-Turisticos-de-Salvador-fotos.jpg\" alt=\"\" width=\"400\" \/><\/p>\n<p>Estudo realizado pela ONG mexicana Conselho Cidad\u00e3o para a Seguran\u00e7a P\u00fablica e Justi\u00e7a Penal, divulgado nesta sexta-feira, aponta que Salvador \u00e9, hoje, a 22\u00aa cidade mais violenta do mundo, com 56,98 homic\u00eddios para um grupo de 100 mil habitantes. De acordo com a ONG, pelo menos 14 cidades brasileiras est\u00e3o entre as mais violentas do mundo. Macei\u00f3, capital alagoana, aparece como a mais violenta do Pa\u00eds, ocupando o terceiro lugar no ranking geral \u2013 com uma taxa de 135,26 homic\u00eddios para cada 100 mil habitantes. Depois da capital alagoana, est\u00e1 Bel\u00e9m (PA) \u2013 em 10\u00ba lugar no ranking, com uma taxa de 78,08 homic\u00eddios para cada 100 mil habitantes; Vit\u00f3ria (ES), em 17\u00ba lugar, com taxa de 67,82; Manaus (AM), em 26\u00ba, com 51,21. Tamb\u00e9m s\u00e3o definidas como violentas as cidades de S\u00e3o Lu\u00eds (MA), em 27\u00ba lugar no estudo, com taxa de 50,85 mortes violentas para cada 100 mil habitantes, Jo\u00e3o Pessoa (PB), em 29\u00ba, com 48,64; Cuiab\u00e1 (MT), em 31\u00ba na lista, com taxa de 48,32; Recife (PE), em 32\u00ba lugar, com taxa de 48,23, Macap\u00e1 (AP), em 36\u00ba, com 45,08; Fortaleza (CE), em 37\u00ba, com 42,90; Curitiba (PR), em 39\u00ba na lista, com 38,09; Goi\u00e2nia (GO), 40\u00ba, com 37,17 e Belo Horizonte (MG), em 45\u00ba no ranking das cidades mais violentas, com taxa de 34,40 homic\u00eddios para cada 100 mil habitantes. O topo da lista mundial \u00e9 ocupado pela cidade de San Pedro Sula, em Honduras, com uma taxa de 158,87 homic\u00eddios. Em segundo lugar, est\u00e1 Ju\u00e1rez, no M\u00e9xico, com uma taxa de 147,77. Pol\u00edtica Livre\/Ag\u00eancia Brasil.<\/p>\n","protected":false},"excerpt":{"rendered":"<p>Estudo realizado pela ONG mexicana Conselho Cidad\u00e3o para a Seguran\u00e7a P\u00fablica e Justi\u00e7a Penal, divulgado nesta sexta-feira, aponta que Salvador \u00e9, hoje, a 22\u00aa cidade mais violenta do mundo, com 56,98 homic\u00eddios para um grupo de 100 mil habitantes. De acordo com a ONG, pelo menos 14 cidades brasileiras est\u00e3o entre as mais violentas do [&hellip;]<\/p>\n","protected":false},"author":2,"featured_media":0,"comment_status":"open","ping_status":"open","sticky":false,"template":"","format":"standard","meta":{"footnotes":"","_links_to":"","_links_to_target":""},"categories":[1],"tags":[],"class_list":["post-12031","post","type-post","status-publish","format-standard","hentry","category-geral"],"views":2445,"_links":{"self":[{"href":"https:\/\/www.sudoestehoje.com.br\/novoportal\/wp-json\/wp\/v2\/posts\/12031","targetHints":{"allow":["GET"]}}],"collection":[{"href":"https:\/\/www.sudoestehoje.com.br\/novoportal\/wp-json\/wp\/v2\/posts"}],"about":[{"href":"https:\/\/www.sudoestehoje.com.br\/novoportal\/wp-json\/wp\/v2\/types\/post"}],"author":[{"embeddable":true,"href":"https:\/\/www.sudoestehoje.com.br\/novoportal\/wp-json\/wp\/v2\/users\/2"}],"replies":[{"embeddable":true,"href":"https:\/\/www.sudoestehoje.com.br\/novoportal\/wp-json\/wp\/v2\/comments?post=12031"}],"version-history":[{"count":5,"href":"https:\/\/www.sudoestehoje.com.br\/novoportal\/wp-json\/wp\/v2\/posts\/12031\/revisions"}],"predecessor-version":[{"id":12035,"href":"https:\/\/www.sudoestehoje.com.br\/novoportal\/wp-json\/wp\/v2\/posts\/12031\/revisions\/12035"}],"wp:attachment":[{"href":"https:\/\/www.sudoestehoje.com.br\/novoportal\/wp-json\/wp\/v2\/media?parent=12031"}],"wp:term":[{"taxonomy":"category","embeddable":true,"href":"https:\/\/www.sudoestehoje.com.br\/novoportal\/wp-json\/wp\/v2\/categories?post=12031"},{"taxonomy":"post_tag","embeddable":true,"href":"https:\/\/www.sudoestehoje.com.br\/novoportal\/wp-json\/wp\/v2\/tags?post=12031"}],"curies":[{"name":"wp","href":"https:\/\/api.w.org\/{rel}","templated":true}]}}