
{"id":120301,"date":"2025-01-14T18:38:31","date_gmt":"2025-01-14T21:38:31","guid":{"rendered":"https:\/\/www.sudoestehoje.com.br\/novoportal\/?p=120301"},"modified":"2025-01-14T18:38:31","modified_gmt":"2025-01-14T21:38:31","slug":"parana-pesquisas-governo-lula-e-reprovado-por-504-e-aprovado-por-461","status":"publish","type":"post","link":"https:\/\/www.sudoestehoje.com.br\/novoportal\/2025\/01\/14\/parana-pesquisas-governo-lula-e-reprovado-por-504-e-aprovado-por-461\/","title":{"rendered":"PARAN\u00c1 PESQUISAS | GOVERNO LULA \u00c9 REPROVADO POR 50,4% E APROVADO POR 46,1%"},"content":{"rendered":"<p><img loading=\"lazy\" decoding=\"async\" class=\"alignnone  wp-image-120302\" src=\"https:\/\/www.sudoestehoje.com.br\/novoportal\/wp-content\/uploads\/2025\/01\/Lula-.jpg\" alt=\"\" width=\"551\" height=\"367\" \/><\/p>\n<p><strong>A administra\u00e7\u00e3o federal do presidente Luiz In\u00e1cio Lula da Silva (PT) \u00e9 aprovada por 46,1%, enquanto outros 50,4% desaprovam, de acordo com levantamento divulgado pelo Instituto Paran\u00e1 Pesquisas nesta segunda-feira (13). <\/strong><\/p>\n<p><strong>A pesquisa ouviu 2.018 eleitores em 26 estados e o Distrito Federal, entre os dias 7 e 10 de janeiro. A margem de erro \u00e9 de 2,2 pontos percentuais para os resultados gerais e o n\u00edvel de confian\u00e7a \u00e9 de 95%. Aqueles que n\u00e3o sabem ou n\u00e3o quiseram opinar s\u00e3o 3,5%.<\/strong><\/p>\n<p><strong> O n\u00edvel de desaprova\u00e7\u00e3o caiu desde novembro de 2024 \u2014 data em que a \u00faltima pesquisa foi realizada \u2013 quando alcan\u00e7ou a marca de 51%. J\u00e1 o \u00edndice de aprova\u00e7\u00e3o se manteve o mesmo desde o \u00faltimo levantamento (46,1%).<\/strong><\/p>\n","protected":false},"excerpt":{"rendered":"<p>A administra\u00e7\u00e3o federal do presidente Luiz In\u00e1cio Lula da Silva (PT) \u00e9 aprovada por 46,1%, enquanto outros 50,4% desaprovam, de acordo com levantamento divulgado pelo Instituto Paran\u00e1 Pesquisas nesta segunda-feira (13). A pesquisa ouviu 2.018 eleitores em 26 estados e o Distrito Federal, entre os dias 7 e 10 de janeiro. A margem de erro [&hellip;]<\/p>\n","protected":false},"author":2,"featured_media":120302,"comment_status":"closed","ping_status":"open","sticky":false,"template":"","format":"standard","meta":{"footnotes":"","_links_to":"","_links_to_target":""},"categories":[1],"tags":[],"class_list":["post-120301","post","type-post","status-publish","format-standard","has-post-thumbnail","hentry","category-geral"],"views":525,"_links":{"self":[{"href":"https:\/\/www.sudoestehoje.com.br\/novoportal\/wp-json\/wp\/v2\/posts\/120301","targetHints":{"allow":["GET"]}}],"collection":[{"href":"https:\/\/www.sudoestehoje.com.br\/novoportal\/wp-json\/wp\/v2\/posts"}],"about":[{"href":"https:\/\/www.sudoestehoje.com.br\/novoportal\/wp-json\/wp\/v2\/types\/post"}],"author":[{"embeddable":true,"href":"https:\/\/www.sudoestehoje.com.br\/novoportal\/wp-json\/wp\/v2\/users\/2"}],"replies":[{"embeddable":true,"href":"https:\/\/www.sudoestehoje.com.br\/novoportal\/wp-json\/wp\/v2\/comments?post=120301"}],"version-history":[{"count":1,"href":"https:\/\/www.sudoestehoje.com.br\/novoportal\/wp-json\/wp\/v2\/posts\/120301\/revisions"}],"predecessor-version":[{"id":120303,"href":"https:\/\/www.sudoestehoje.com.br\/novoportal\/wp-json\/wp\/v2\/posts\/120301\/revisions\/120303"}],"wp:featuredmedia":[{"embeddable":true,"href":"https:\/\/www.sudoestehoje.com.br\/novoportal\/wp-json\/wp\/v2\/media\/120302"}],"wp:attachment":[{"href":"https:\/\/www.sudoestehoje.com.br\/novoportal\/wp-json\/wp\/v2\/media?parent=120301"}],"wp:term":[{"taxonomy":"category","embeddable":true,"href":"https:\/\/www.sudoestehoje.com.br\/novoportal\/wp-json\/wp\/v2\/categories?post=120301"},{"taxonomy":"post_tag","embeddable":true,"href":"https:\/\/www.sudoestehoje.com.br\/novoportal\/wp-json\/wp\/v2\/tags?post=120301"}],"curies":[{"name":"wp","href":"https:\/\/api.w.org\/{rel}","templated":true}]}}