
{"id":120262,"date":"2025-01-10T16:44:24","date_gmt":"2025-01-10T19:44:24","guid":{"rendered":"https:\/\/www.sudoestehoje.com.br\/novoportal\/?p=120262"},"modified":"2025-01-10T17:17:45","modified_gmt":"2025-01-10T20:17:45","slug":"itapetinga-vereador-daniel-lacerda-adere-a-base-do-prefeito-eduardo-hagge","status":"publish","type":"post","link":"https:\/\/www.sudoestehoje.com.br\/novoportal\/2025\/01\/10\/itapetinga-vereador-daniel-lacerda-adere-a-base-do-prefeito-eduardo-hagge\/","title":{"rendered":"ITAPETINGA | VEREADOR DANIEL LACERDA ADERE \u00c0 BASE DO PREFEITO EDUARDO HAGGE"},"content":{"rendered":"<p><img loading=\"lazy\" decoding=\"async\" class=\"alignnone wp-image-120263\" src=\"https:\/\/www.sudoestehoje.com.br\/novoportal\/wp-content\/uploads\/2025\/01\/Imagem-do-WhatsApp-de-2025-01-10-as-16.30.34_2df36113.jpg\" alt=\"\" width=\"549\" height=\"399\" \/><\/p>\n<p><strong>O vereador eleito Daniel Lacerda (Podemos), filho da ex-vereadora N\u00eddia Oliveira, se aproximou e \u00e9 a mais nova aquisi\u00e7\u00e3o pol\u00edtica do grupo do prefeito eleito Eduardo Hagge (MDB), rec\u00e9m empossado.<\/strong><\/p>\n<p><strong>Daniel Lacerda foi eleito com grande expectativa por ser visto como pessoa honesta, bem sucedido profissionalmente e que visa o melhor para a popula\u00e7\u00e3o, qualidades j\u00e1 demonstradas na atua\u00e7\u00e3o junto \u00e0 Funda\u00e7\u00e3o Jos\u00e9 Silveira, por anos.<\/strong><\/p>\n<p><strong>Essa alian\u00e7a entre o vereador Daniel Lacerda\u00a0 e o prefeito Eduardo Hagge ficou delineada com o voto do vereador na chapa apoiada pelo prefeito Eduardo Hagge, na elei\u00e7\u00e3o da Mesa Diretora da C\u00e2mara Municipal, que escolheu o vereador Luciano Almeida para a presid\u00eancia da Casa Legislativa do munic\u00edpio.<\/strong><\/p>\n<p><strong>A uni\u00e3o de Daniel Lacerda e Eduardo Hagge aponta como meta o desenvolvimento de Itapetinga e consequente melhoria da qualidade de vida dos cidad\u00e3os.\u00a0<\/strong><\/p>\n","protected":false},"excerpt":{"rendered":"<p>O vereador eleito Daniel Lacerda (Podemos), filho da ex-vereadora N\u00eddia Oliveira, se aproximou e \u00e9 a mais nova aquisi\u00e7\u00e3o pol\u00edtica do grupo do prefeito eleito Eduardo Hagge (MDB), rec\u00e9m empossado. Daniel Lacerda foi eleito com grande expectativa por ser visto como pessoa honesta, bem sucedido profissionalmente e que visa o melhor para a popula\u00e7\u00e3o, qualidades [&hellip;]<\/p>\n","protected":false},"author":2,"featured_media":120263,"comment_status":"closed","ping_status":"open","sticky":false,"template":"","format":"standard","meta":{"footnotes":"","_links_to":"","_links_to_target":""},"categories":[1],"tags":[],"class_list":["post-120262","post","type-post","status-publish","format-standard","has-post-thumbnail","hentry","category-geral"],"views":949,"_links":{"self":[{"href":"https:\/\/www.sudoestehoje.com.br\/novoportal\/wp-json\/wp\/v2\/posts\/120262","targetHints":{"allow":["GET"]}}],"collection":[{"href":"https:\/\/www.sudoestehoje.com.br\/novoportal\/wp-json\/wp\/v2\/posts"}],"about":[{"href":"https:\/\/www.sudoestehoje.com.br\/novoportal\/wp-json\/wp\/v2\/types\/post"}],"author":[{"embeddable":true,"href":"https:\/\/www.sudoestehoje.com.br\/novoportal\/wp-json\/wp\/v2\/users\/2"}],"replies":[{"embeddable":true,"href":"https:\/\/www.sudoestehoje.com.br\/novoportal\/wp-json\/wp\/v2\/comments?post=120262"}],"version-history":[{"count":6,"href":"https:\/\/www.sudoestehoje.com.br\/novoportal\/wp-json\/wp\/v2\/posts\/120262\/revisions"}],"predecessor-version":[{"id":120269,"href":"https:\/\/www.sudoestehoje.com.br\/novoportal\/wp-json\/wp\/v2\/posts\/120262\/revisions\/120269"}],"wp:featuredmedia":[{"embeddable":true,"href":"https:\/\/www.sudoestehoje.com.br\/novoportal\/wp-json\/wp\/v2\/media\/120263"}],"wp:attachment":[{"href":"https:\/\/www.sudoestehoje.com.br\/novoportal\/wp-json\/wp\/v2\/media?parent=120262"}],"wp:term":[{"taxonomy":"category","embeddable":true,"href":"https:\/\/www.sudoestehoje.com.br\/novoportal\/wp-json\/wp\/v2\/categories?post=120262"},{"taxonomy":"post_tag","embeddable":true,"href":"https:\/\/www.sudoestehoje.com.br\/novoportal\/wp-json\/wp\/v2\/tags?post=120262"}],"curies":[{"name":"wp","href":"https:\/\/api.w.org\/{rel}","templated":true}]}}