
{"id":120245,"date":"2025-01-09T09:15:39","date_gmt":"2025-01-09T12:15:39","guid":{"rendered":"https:\/\/www.sudoestehoje.com.br\/novoportal\/?p=120245"},"modified":"2025-01-09T09:23:40","modified_gmt":"2025-01-09T12:23:40","slug":"regiao-previsao-do-tempo-falha-e-nada-de-chuva-em-itapetinga-e-regiao","status":"publish","type":"post","link":"https:\/\/www.sudoestehoje.com.br\/novoportal\/2025\/01\/09\/regiao-previsao-do-tempo-falha-e-nada-de-chuva-em-itapetinga-e-regiao\/","title":{"rendered":"REGI\u00c3O | PREVIS\u00c3O DO TEMPO FALHA E NADA DE CHUVA EM ITAPETINGA E REGI\u00c3O"},"content":{"rendered":"<p><img loading=\"lazy\" decoding=\"async\" class=\"alignnone wp-image-120246\" src=\"https:\/\/www.sudoestehoje.com.br\/novoportal\/wp-content\/uploads\/2025\/01\/Imagem-do-WhatsApp-de-2025-01-09-as-09.06.13_672e18b1.jpg\" alt=\"\" width=\"550\" height=\"310\" \/><\/p>\n<p><strong>Durante mais de uma semana, a regi\u00e3o aguardou com ansiedade a chegada das &#8216;volumosas chuvas&#8217; que j\u00e1 deveriam ter ca\u00eddo, se as previs\u00f5es n\u00e3o tivessem falhado.<\/strong><\/p>\n<p><strong>De acordo com a meteorologia, o in\u00edcio das chuvas na regi\u00e3o e em toda a Bahia estava previsto para a \u00faltima segunda-feira (6), com pancadas fortes de at\u00e9 100 mm e ventos de 60 a a 100 km\/hora, que dava at\u00e9 medo, mas at\u00e9 agora,<\/strong><strong> nem um pingo.<\/strong><\/p>\n<p><strong>Ser\u00e1 que S\u00e3o Pedro esqueceu de n\u00f3s ou os institutos est\u00e3o exagerando?<\/strong><\/p>\n<p><strong>O jeito \u00e9 torcer e esperar sentado&#8230;<\/strong><\/p>\n<p><strong>Por Davi Ferraz\u00a0<\/strong><\/p>\n","protected":false},"excerpt":{"rendered":"<p>Durante mais de uma semana, a regi\u00e3o aguardou com ansiedade a chegada das &#8216;volumosas chuvas&#8217; que j\u00e1 deveriam ter ca\u00eddo, se as previs\u00f5es n\u00e3o tivessem falhado. De acordo com a meteorologia, o in\u00edcio das chuvas na regi\u00e3o e em toda a Bahia estava previsto para a \u00faltima segunda-feira (6), com pancadas fortes de at\u00e9 100 [&hellip;]<\/p>\n","protected":false},"author":2,"featured_media":120246,"comment_status":"closed","ping_status":"open","sticky":false,"template":"","format":"standard","meta":{"footnotes":"","_links_to":"","_links_to_target":""},"categories":[1],"tags":[],"class_list":["post-120245","post","type-post","status-publish","format-standard","has-post-thumbnail","hentry","category-geral"],"views":1356,"_links":{"self":[{"href":"https:\/\/www.sudoestehoje.com.br\/novoportal\/wp-json\/wp\/v2\/posts\/120245","targetHints":{"allow":["GET"]}}],"collection":[{"href":"https:\/\/www.sudoestehoje.com.br\/novoportal\/wp-json\/wp\/v2\/posts"}],"about":[{"href":"https:\/\/www.sudoestehoje.com.br\/novoportal\/wp-json\/wp\/v2\/types\/post"}],"author":[{"embeddable":true,"href":"https:\/\/www.sudoestehoje.com.br\/novoportal\/wp-json\/wp\/v2\/users\/2"}],"replies":[{"embeddable":true,"href":"https:\/\/www.sudoestehoje.com.br\/novoportal\/wp-json\/wp\/v2\/comments?post=120245"}],"version-history":[{"count":4,"href":"https:\/\/www.sudoestehoje.com.br\/novoportal\/wp-json\/wp\/v2\/posts\/120245\/revisions"}],"predecessor-version":[{"id":120250,"href":"https:\/\/www.sudoestehoje.com.br\/novoportal\/wp-json\/wp\/v2\/posts\/120245\/revisions\/120250"}],"wp:featuredmedia":[{"embeddable":true,"href":"https:\/\/www.sudoestehoje.com.br\/novoportal\/wp-json\/wp\/v2\/media\/120246"}],"wp:attachment":[{"href":"https:\/\/www.sudoestehoje.com.br\/novoportal\/wp-json\/wp\/v2\/media?parent=120245"}],"wp:term":[{"taxonomy":"category","embeddable":true,"href":"https:\/\/www.sudoestehoje.com.br\/novoportal\/wp-json\/wp\/v2\/categories?post=120245"},{"taxonomy":"post_tag","embeddable":true,"href":"https:\/\/www.sudoestehoje.com.br\/novoportal\/wp-json\/wp\/v2\/tags?post=120245"}],"curies":[{"name":"wp","href":"https:\/\/api.w.org\/{rel}","templated":true}]}}