
{"id":12024,"date":"2012-01-13T18:48:11","date_gmt":"2012-01-13T21:48:11","guid":{"rendered":"http:\/\/www.sudoestehoje.com.br\/novoportal\/?p=12024"},"modified":"2012-01-13T18:49:24","modified_gmt":"2012-01-13T21:49:24","slug":"mec-divulga-1%c2%aa-chamada-do-sisu","status":"publish","type":"post","link":"https:\/\/www.sudoestehoje.com.br\/novoportal\/2012\/01\/13\/mec-divulga-1%c2%aa-chamada-do-sisu\/","title":{"rendered":"MEC DIVULGA 1\u00aa CHAMADA DO SISU"},"content":{"rendered":"<p style=\"text-align: center;\"><img decoding=\"async\" class=\"aligncenter\" src=\"http:\/\/cdn.mundodastribos.com\/wp-admin\/uploads\/2011\/07\/estudantes-felizes-thumb4399165.jpg\" alt=\"\" width=\"350\" \/><\/p>\n<p>O Minist\u00e9rio da Educa\u00e7\u00e3o divulgou nesta tarde de sexta-feira (13) a primeira chamada do Sistema de Sele\u00e7\u00e3o Unificada (Sisu) 2012. O estudante aprovado dever\u00e3o comparecer \u00e0 institui\u00e7\u00e3o de ensino para a qual foi aprovado no dia 19 ou 20 de janeiro para fazer a matr\u00edcula.\u00a0Caso n\u00e3o se apresente na universidade ou escola federal para a matr\u00edcula, o estudante perder\u00e1 a vaga.\u00a0Quem n\u00e3o foi aprovado agora dever\u00e1 aguardar a segunda chamada do Sisu, prevista para o dia 26.<\/p>\n<p><strong><a href=\"http:\/\/sisu.mec.gov.br\/selecionados\" target=\"_blank\">CLIQUE E CONFIRA LISTA DOS SELECIONADOS<\/a><\/strong><\/p>\n","protected":false},"excerpt":{"rendered":"<p>O Minist\u00e9rio da Educa\u00e7\u00e3o divulgou nesta tarde de sexta-feira (13) a primeira chamada do Sistema de Sele\u00e7\u00e3o Unificada (Sisu) 2012. O estudante aprovado dever\u00e3o comparecer \u00e0 institui\u00e7\u00e3o de ensino para a qual foi aprovado no dia 19 ou 20 de janeiro para fazer a matr\u00edcula.\u00a0Caso n\u00e3o se apresente na universidade ou escola federal para a [&hellip;]<\/p>\n","protected":false},"author":2,"featured_media":0,"comment_status":"open","ping_status":"open","sticky":false,"template":"","format":"standard","meta":{"footnotes":"","_links_to":"","_links_to_target":""},"categories":[1],"tags":[],"class_list":["post-12024","post","type-post","status-publish","format-standard","hentry","category-geral"],"views":2294,"_links":{"self":[{"href":"https:\/\/www.sudoestehoje.com.br\/novoportal\/wp-json\/wp\/v2\/posts\/12024","targetHints":{"allow":["GET"]}}],"collection":[{"href":"https:\/\/www.sudoestehoje.com.br\/novoportal\/wp-json\/wp\/v2\/posts"}],"about":[{"href":"https:\/\/www.sudoestehoje.com.br\/novoportal\/wp-json\/wp\/v2\/types\/post"}],"author":[{"embeddable":true,"href":"https:\/\/www.sudoestehoje.com.br\/novoportal\/wp-json\/wp\/v2\/users\/2"}],"replies":[{"embeddable":true,"href":"https:\/\/www.sudoestehoje.com.br\/novoportal\/wp-json\/wp\/v2\/comments?post=12024"}],"version-history":[{"count":6,"href":"https:\/\/www.sudoestehoje.com.br\/novoportal\/wp-json\/wp\/v2\/posts\/12024\/revisions"}],"predecessor-version":[{"id":12029,"href":"https:\/\/www.sudoestehoje.com.br\/novoportal\/wp-json\/wp\/v2\/posts\/12024\/revisions\/12029"}],"wp:attachment":[{"href":"https:\/\/www.sudoestehoje.com.br\/novoportal\/wp-json\/wp\/v2\/media?parent=12024"}],"wp:term":[{"taxonomy":"category","embeddable":true,"href":"https:\/\/www.sudoestehoje.com.br\/novoportal\/wp-json\/wp\/v2\/categories?post=12024"},{"taxonomy":"post_tag","embeddable":true,"href":"https:\/\/www.sudoestehoje.com.br\/novoportal\/wp-json\/wp\/v2\/tags?post=12024"}],"curies":[{"name":"wp","href":"https:\/\/api.w.org\/{rel}","templated":true}]}}