
{"id":120236,"date":"2025-01-08T20:44:42","date_gmt":"2025-01-08T23:44:42","guid":{"rendered":"https:\/\/www.sudoestehoje.com.br\/novoportal\/?p=120236"},"modified":"2025-01-08T20:44:42","modified_gmt":"2025-01-08T23:44:42","slug":"barulho-exagerado-e-crime-e-nao-precisa-de-pericia-para-comprovar-decide-stj","status":"publish","type":"post","link":"https:\/\/www.sudoestehoje.com.br\/novoportal\/2025\/01\/08\/barulho-exagerado-e-crime-e-nao-precisa-de-pericia-para-comprovar-decide-stj\/","title":{"rendered":"BARULHO EXAGERADO \u00c9 CRIME E N\u00c3O PRECISA DE PER\u00cdCIA PARA COMPROVAR, DECIDE STJ"},"content":{"rendered":"<p><img loading=\"lazy\" decoding=\"async\" class=\"alignnone  wp-image-120240\" src=\"https:\/\/www.sudoestehoje.com.br\/novoportal\/wp-content\/uploads\/2025\/01\/Poluicao-sonora-apreensao-de-caixas-de-som-Foto-Divulgacao.jpg\" alt=\"\" width=\"550\" height=\"332\" \/><\/p>\n<p><strong>A polui\u00e7\u00e3o sonora \u00e9 um dos problemas ambientais mais recorrentes em \u00e1reas urbanas, afetando diretamente a qualidade de vida da popula\u00e7\u00e3o. O Superior Tribunal de Justi\u00e7a (STJ) reafirmou recentemente que o crime de polui\u00e7\u00e3o sonora \u00e9 de perigo abstrato, ou seja, n\u00e3o exige a comprova\u00e7\u00e3o de danos concretos \u00e0 sa\u00fade humana por meio de per\u00edcia t\u00e9cnica para sua configura\u00e7\u00e3o.<\/strong><\/p>\n<p><strong>A polui\u00e7\u00e3o sonora \u00e9 um dos problemas ambientais mais recorrentes em \u00e1reas urbanas, afetando diretamente a qualidade de vida da popula\u00e7\u00e3o. O Superior Tribunal de Justi\u00e7a (STJ) reafirmou recentemente que o crime de polui\u00e7\u00e3o sonora \u00e9 de perigo abstrato, ou seja, n\u00e3o exige a comprova\u00e7\u00e3o de danos concretos \u00e0 sa\u00fade humana por meio de per\u00edcia t\u00e9cnica para sua configura\u00e7\u00e3o.<\/strong><\/p>\n<p><strong>Essa decis\u00e3o, proferida pela 5\u00aa Turma do STJ, deu provimento ao recurso especial do Minist\u00e9rio P\u00fablico de Minas Gerais, mantendo a imputa\u00e7\u00e3o contra o propriet\u00e1rio de um bar acusado de ultrapassar os limites de emiss\u00e3o sonora previstos em normas regulamentadoras.<\/strong><\/p>\n<p><strong>O que diz a Lei<\/strong><\/p>\n<div class=\"code-block code-block-6\">\n<div id=\"taboola-mid-article-thumbnails\" class=\"trc_related_container tbl-trecs-container trc_spotlight_widget trc_elastic trc_elastic_alternating-thumbnails-a-mid\" data-placement-name=\"Mid Article Thumbnails\">\n<div class=\"trc_rbox_container\">\n<div>\n<div id=\"trc_wrapper_5742319876\" class=\"trc_rbox alternating-thumbnails-a-mid trc-content-hybrid\">\n<div class=\"trc_clearer\"><strong>O crime de polui\u00e7\u00e3o sonora est\u00e1 previsto no artigo 54 da Lei 9.605\/1998, a Lei dos Crimes Ambientais, que disp\u00f5e:<\/strong><\/div>\n<\/div>\n<\/div>\n<\/div>\n<\/div>\n<\/div>\n<p><strong><em>\u201cCausar polui\u00e7\u00e3o de qualquer natureza em n\u00edveis tais que resultem ou possam resultar em danos \u00e0 sa\u00fade humana, ou que provoquem a mortandade de animais ou a destrui\u00e7\u00e3o significativa da flora.\u201d<\/em><\/strong><\/p>\n<p><strong>A norma estabelece que a simples emiss\u00e3o de poluentes sonoros acima dos n\u00edveis permitidos j\u00e1 \u00e9 suficiente para caracterizar o crime. N\u00e3o \u00e9 necess\u00e1rio provar que a sa\u00fade humana foi efetivamente prejudicada; o potencial para causar danos \u00e9 o suficiente para configurar a infra\u00e7\u00e3o.<\/strong><\/p>\n","protected":false},"excerpt":{"rendered":"<p>A polui\u00e7\u00e3o sonora \u00e9 um dos problemas ambientais mais recorrentes em \u00e1reas urbanas, afetando diretamente a qualidade de vida da popula\u00e7\u00e3o. O Superior Tribunal de Justi\u00e7a (STJ) reafirmou recentemente que o crime de polui\u00e7\u00e3o sonora \u00e9 de perigo abstrato, ou seja, n\u00e3o exige a comprova\u00e7\u00e3o de danos concretos \u00e0 sa\u00fade humana por meio de per\u00edcia [&hellip;]<\/p>\n","protected":false},"author":2,"featured_media":120240,"comment_status":"closed","ping_status":"open","sticky":false,"template":"","format":"standard","meta":{"footnotes":"","_links_to":"","_links_to_target":""},"categories":[1],"tags":[],"class_list":["post-120236","post","type-post","status-publish","format-standard","has-post-thumbnail","hentry","category-geral"],"views":1516,"_links":{"self":[{"href":"https:\/\/www.sudoestehoje.com.br\/novoportal\/wp-json\/wp\/v2\/posts\/120236","targetHints":{"allow":["GET"]}}],"collection":[{"href":"https:\/\/www.sudoestehoje.com.br\/novoportal\/wp-json\/wp\/v2\/posts"}],"about":[{"href":"https:\/\/www.sudoestehoje.com.br\/novoportal\/wp-json\/wp\/v2\/types\/post"}],"author":[{"embeddable":true,"href":"https:\/\/www.sudoestehoje.com.br\/novoportal\/wp-json\/wp\/v2\/users\/2"}],"replies":[{"embeddable":true,"href":"https:\/\/www.sudoestehoje.com.br\/novoportal\/wp-json\/wp\/v2\/comments?post=120236"}],"version-history":[{"count":4,"href":"https:\/\/www.sudoestehoje.com.br\/novoportal\/wp-json\/wp\/v2\/posts\/120236\/revisions"}],"predecessor-version":[{"id":120241,"href":"https:\/\/www.sudoestehoje.com.br\/novoportal\/wp-json\/wp\/v2\/posts\/120236\/revisions\/120241"}],"wp:featuredmedia":[{"embeddable":true,"href":"https:\/\/www.sudoestehoje.com.br\/novoportal\/wp-json\/wp\/v2\/media\/120240"}],"wp:attachment":[{"href":"https:\/\/www.sudoestehoje.com.br\/novoportal\/wp-json\/wp\/v2\/media?parent=120236"}],"wp:term":[{"taxonomy":"category","embeddable":true,"href":"https:\/\/www.sudoestehoje.com.br\/novoportal\/wp-json\/wp\/v2\/categories?post=120236"},{"taxonomy":"post_tag","embeddable":true,"href":"https:\/\/www.sudoestehoje.com.br\/novoportal\/wp-json\/wp\/v2\/tags?post=120236"}],"curies":[{"name":"wp","href":"https:\/\/api.w.org\/{rel}","templated":true}]}}