
{"id":120225,"date":"2025-01-08T20:12:52","date_gmt":"2025-01-08T23:12:52","guid":{"rendered":"https:\/\/www.sudoestehoje.com.br\/novoportal\/?p=120225"},"modified":"2025-01-08T20:12:52","modified_gmt":"2025-01-08T23:12:52","slug":"veneno-no-arroz-padastro-de-uma-das-vitimas-e-preso-como-suspeito-do-crime","status":"publish","type":"post","link":"https:\/\/www.sudoestehoje.com.br\/novoportal\/2025\/01\/08\/veneno-no-arroz-padastro-de-uma-das-vitimas-e-preso-como-suspeito-do-crime\/","title":{"rendered":"VENENO NO ARROZ | PADASTRO DE UMA DAS V\u00cdTIMAS \u00c9 PRESO COMO SUSPEITO DO CRIME"},"content":{"rendered":"<p><img loading=\"lazy\" decoding=\"async\" class=\"alignnone  wp-image-120229\" src=\"https:\/\/www.sudoestehoje.com.br\/novoportal\/wp-content\/uploads\/2025\/01\/2q5b37m72flq9sk6hpgv3jgz2.jpg\" alt=\"\" width=\"551\" height=\"309\" \/><\/p>\n<p><strong>Francisco de Assis Pereira da Costa\u00a0, de 53 anos, foi preso na manh\u00e3 desta quarta-feira (8) por suspeita de\u00a0\u00a0envenenamento no arroz do almo\u00e7o do dia 1\u00ba de janeiro,\u00a0que matou quatro pessoas de sua fam\u00edlia em\u00a0Parna\u00edba\u00a0, no litoral do\u00a0Piau\u00ed. Ele tamb\u00e9m foi hospitalizado, mas recebeu alta.<\/strong><\/p>\n<div class=\"publicidade advertising-box\">\n<div id=\"ad_mrec_intext\" data-google-query-id=\"CP2qlNOd54oDFSBU3QIdvv44YA\">\n<div id=\"google_ads_iframe_\/21737107378\/IG-PUBLISHER\/ultimosegundo.ig.com.br\/mrec_1__container__\"><strong>Ao todo, nove pessoas da mesma fam\u00edlia comeram um bai\u00e3o de dois (arroz com feij\u00e3o) envenenado com terbuf\u00f3s\u00a0, uma subst\u00e2ncia t\u00f3xica semelhante ao &#8220;chumbinho&#8221; e utilizada como inseticida. Uma crian\u00e7a de quatro anos continua internada no\u00a0Hospital de Urg\u00eancia de Teresina (HUT)\u00a0.<\/strong><\/div>\n<\/div>\n<\/div>\n<p><strong>A pol\u00edcia investiga o caso como homic\u00eddio, mas ainda apura quem colocou veneno no arroz e qual foi a motiva\u00e7\u00e3o. Veja, abaixo, quem ingeriu o alimento:<\/strong><\/p>\n<p><strong>Manoel Leandro da Silva, de 18 anos (enteado de Francisco de Assis) &#8211; morto;<\/strong><\/p>\n<p><strong>Igno Davi da Silva, de 1 ano e 8 meses (filho de Francisca Maria) &#8211; morto;<\/strong><\/p>\n<p><strong>Lauane da Silva, de 3 anos (filha de Francisca Maria) &#8211; morta;<\/strong><\/p>\n<p><strong>Francisca Maria da Silva, de 32 anos (m\u00e3e de Lauane e Igno Davi; irm\u00e3 de Manoel) &#8211; morta;<\/strong><\/p>\n<p><strong>Uma menina de quatro anos (filha de Francisca Maria) &#8211; internada em Teresina;<\/strong><\/p>\n<p><strong>Francisco de Assis Pereira da Costa, de 53 anos (padrasto de Manoel e Francisca) &#8211; recebeu alta;<\/strong><\/p>\n<p><strong>Uma adolescente de 17 anos (irm\u00e3 de Manoel) &#8211; recebeu alta;<\/strong><\/p>\n<p><strong>Maria Jocilene da Silva, de 32 anos (vizinha) &#8211; recebeu alta;<\/strong><\/p>\n<p><strong>Um menino de 11 anos (filho de Maria Jocilene) &#8211; recebeu alta.<\/strong><\/p>\n<h3><strong>Veneno colocado no dia seguinte<\/strong><\/h3>\n<p><strong>O bai\u00e3o de dois tinha sido preparado pela pr\u00f3pria fam\u00edlia em 31 de dezembro, dia anterior \u00e0s interna\u00e7\u00f5es. Segundo o m\u00e9dico Ant\u00f4nio Nunes, diretor do IML, o veneno foi colocado em grande quantidade na comida.<\/strong><\/p>\n<p class=\"\"><strong>A Pol\u00edcia Civil investiga como o veneno chegou ao bai\u00e3o de dois. &#8220;\u00c9 imposs\u00edvel ter ido parar l\u00e1 sem inten\u00e7\u00e3o de algu\u00e9m&#8221;, comentou o delegado Abimael Silva. Segundo o delegado, o veneno foi colocado no arroz no dia 1\u00b0 de janeiro, porque a fam\u00edlia comeu o mesmo prato, da mesma panela, na noite de r\u00e9veillon.<\/strong><\/p>\n","protected":false},"excerpt":{"rendered":"<p>Francisco de Assis Pereira da Costa\u00a0, de 53 anos, foi preso na manh\u00e3 desta quarta-feira (8) por suspeita de\u00a0\u00a0envenenamento no arroz do almo\u00e7o do dia 1\u00ba de janeiro,\u00a0que matou quatro pessoas de sua fam\u00edlia em\u00a0Parna\u00edba\u00a0, no litoral do\u00a0Piau\u00ed. Ele tamb\u00e9m foi hospitalizado, mas recebeu alta. Ao todo, nove pessoas da mesma fam\u00edlia comeram um bai\u00e3o [&hellip;]<\/p>\n","protected":false},"author":2,"featured_media":120229,"comment_status":"closed","ping_status":"open","sticky":false,"template":"","format":"standard","meta":{"footnotes":"","_links_to":"","_links_to_target":""},"categories":[1],"tags":[],"class_list":["post-120225","post","type-post","status-publish","format-standard","has-post-thumbnail","hentry","category-geral"],"views":617,"_links":{"self":[{"href":"https:\/\/www.sudoestehoje.com.br\/novoportal\/wp-json\/wp\/v2\/posts\/120225","targetHints":{"allow":["GET"]}}],"collection":[{"href":"https:\/\/www.sudoestehoje.com.br\/novoportal\/wp-json\/wp\/v2\/posts"}],"about":[{"href":"https:\/\/www.sudoestehoje.com.br\/novoportal\/wp-json\/wp\/v2\/types\/post"}],"author":[{"embeddable":true,"href":"https:\/\/www.sudoestehoje.com.br\/novoportal\/wp-json\/wp\/v2\/users\/2"}],"replies":[{"embeddable":true,"href":"https:\/\/www.sudoestehoje.com.br\/novoportal\/wp-json\/wp\/v2\/comments?post=120225"}],"version-history":[{"count":5,"href":"https:\/\/www.sudoestehoje.com.br\/novoportal\/wp-json\/wp\/v2\/posts\/120225\/revisions"}],"predecessor-version":[{"id":120231,"href":"https:\/\/www.sudoestehoje.com.br\/novoportal\/wp-json\/wp\/v2\/posts\/120225\/revisions\/120231"}],"wp:featuredmedia":[{"embeddable":true,"href":"https:\/\/www.sudoestehoje.com.br\/novoportal\/wp-json\/wp\/v2\/media\/120229"}],"wp:attachment":[{"href":"https:\/\/www.sudoestehoje.com.br\/novoportal\/wp-json\/wp\/v2\/media?parent=120225"}],"wp:term":[{"taxonomy":"category","embeddable":true,"href":"https:\/\/www.sudoestehoje.com.br\/novoportal\/wp-json\/wp\/v2\/categories?post=120225"},{"taxonomy":"post_tag","embeddable":true,"href":"https:\/\/www.sudoestehoje.com.br\/novoportal\/wp-json\/wp\/v2\/tags?post=120225"}],"curies":[{"name":"wp","href":"https:\/\/api.w.org\/{rel}","templated":true}]}}