
{"id":120221,"date":"2025-01-08T20:00:25","date_gmt":"2025-01-08T23:00:25","guid":{"rendered":"https:\/\/www.sudoestehoje.com.br\/novoportal\/?p=120221"},"modified":"2025-01-08T20:00:25","modified_gmt":"2025-01-08T23:00:25","slug":"uesb-abre-600-vasgas-para-pos-graduacao-na-modalidade-ead-em-varias-cidades","status":"publish","type":"post","link":"https:\/\/www.sudoestehoje.com.br\/novoportal\/2025\/01\/08\/uesb-abre-600-vasgas-para-pos-graduacao-na-modalidade-ead-em-varias-cidades\/","title":{"rendered":"UESB ABRE 600 VASGAS PARA P\u00d3S-GRADUA\u00c7\u00c3O NA MODALIDADE EAD EM V\u00c1RIAS CIDADES"},"content":{"rendered":"<p><img loading=\"lazy\" decoding=\"async\" class=\"alignnone  wp-image-120223\" src=\"https:\/\/www.sudoestehoje.com.br\/novoportal\/wp-content\/uploads\/2025\/01\/UESB-ITAPETINGA-696x392-1.jpg\" alt=\"\" width=\"549\" height=\"309\" \/><\/p>\n<p><strong>Na \u00faltima semana, a Universidade Estadual do Sudoeste da Bahia (Uesb) abriu inscri\u00e7\u00f5es para o processo de sele\u00e7\u00e3o de estudantes de cursos de p\u00f3s-gradua\u00e7\u00e3o EaD em v\u00e1rias cidades. Segundo o\u00a0<a href=\"https:\/\/www.uesb.br\/wp-content\/uploads\/2024\/12\/EDITAL-346-2024-Selecao_Alunos_Pos_graduacao_EaD_2025.1-1.pdf\" target=\"_blank\" rel=\"noopener\">edital<\/a>, s\u00e3o 600 vagas dispon\u00edveis para o ano de 2025.<\/strong><\/p>\n<p><strong>As oportunidades s\u00e3o para os cursos de P\u00f3s-Gradua\u00e7\u00e3o Lato Sensu em Gest\u00e3o Escolar, Ci\u00eancia \u00e9 10!, Educa\u00e7\u00e3o do Campo e Educa\u00e7\u00e3o Especial e Inclusiva, em parceria com o Sistema Universidade Aberta do Brasil (UAB\/CAPES\/MEC).<\/strong><\/p>\n<p><strong>As matrizes curriculares dos cursos t\u00eam a dura\u00e7\u00e3o de 18 meses, divididos em tr\u00eas semestres letivos. A carga hor\u00e1ria total do Curso de Especializa\u00e7\u00e3o em Gest\u00e3o Escolar \u00e9 de, no m\u00ednimo, 390 horas.<\/strong><\/p>\n<p><strong>Para o curso de Especializa\u00e7\u00e3o Ci\u00eancia \u00e9 10!, a carga hor\u00e1ria m\u00ednima \u00e9 de 480 horas. J\u00e1 o curso de Especializa\u00e7\u00e3o Educa\u00e7\u00e3o do Campo possui carga hor\u00e1ria m\u00ednima de 435 horas, e o Curso de Especializa\u00e7\u00e3o Educa\u00e7\u00e3o Especial e Inclusiva tem carga hor\u00e1ria m\u00ednima de 375 horas.<\/strong><\/p>\n<p><strong>Para cada curso, ser\u00e1 concedida quatro vagas por polo, destinadas a cotistas. Essas vagas s\u00e3o divididas entre os seguintes segmentos sociais: uma vaga para ind\u00edgenas, uma para quilombolas, uma para pessoas trans (travestis e transexuais) e uma para pessoas com defici\u00eancia.<\/strong><\/p>\n<h3><strong>Distribui\u00e7\u00e3o das vagas<\/strong><\/h3>\n<p><strong>Curso: Gest\u00e3o Escolar<\/strong><br \/>\n<strong>Campus: Itapetinga &#8211; 25 vagas<\/strong><br \/>\n<strong>Modalidade: EaD<\/strong><\/p>\n","protected":false},"excerpt":{"rendered":"<p>Na \u00faltima semana, a Universidade Estadual do Sudoeste da Bahia (Uesb) abriu inscri\u00e7\u00f5es para o processo de sele\u00e7\u00e3o de estudantes de cursos de p\u00f3s-gradua\u00e7\u00e3o EaD em v\u00e1rias cidades. Segundo o\u00a0edital, s\u00e3o 600 vagas dispon\u00edveis para o ano de 2025. As oportunidades s\u00e3o para os cursos de P\u00f3s-Gradua\u00e7\u00e3o Lato Sensu em Gest\u00e3o Escolar, Ci\u00eancia \u00e9 10!, [&hellip;]<\/p>\n","protected":false},"author":2,"featured_media":120223,"comment_status":"closed","ping_status":"open","sticky":false,"template":"","format":"standard","meta":{"footnotes":"","_links_to":"","_links_to_target":""},"categories":[1],"tags":[],"class_list":["post-120221","post","type-post","status-publish","format-standard","has-post-thumbnail","hentry","category-geral"],"views":701,"_links":{"self":[{"href":"https:\/\/www.sudoestehoje.com.br\/novoportal\/wp-json\/wp\/v2\/posts\/120221","targetHints":{"allow":["GET"]}}],"collection":[{"href":"https:\/\/www.sudoestehoje.com.br\/novoportal\/wp-json\/wp\/v2\/posts"}],"about":[{"href":"https:\/\/www.sudoestehoje.com.br\/novoportal\/wp-json\/wp\/v2\/types\/post"}],"author":[{"embeddable":true,"href":"https:\/\/www.sudoestehoje.com.br\/novoportal\/wp-json\/wp\/v2\/users\/2"}],"replies":[{"embeddable":true,"href":"https:\/\/www.sudoestehoje.com.br\/novoportal\/wp-json\/wp\/v2\/comments?post=120221"}],"version-history":[{"count":2,"href":"https:\/\/www.sudoestehoje.com.br\/novoportal\/wp-json\/wp\/v2\/posts\/120221\/revisions"}],"predecessor-version":[{"id":120224,"href":"https:\/\/www.sudoestehoje.com.br\/novoportal\/wp-json\/wp\/v2\/posts\/120221\/revisions\/120224"}],"wp:featuredmedia":[{"embeddable":true,"href":"https:\/\/www.sudoestehoje.com.br\/novoportal\/wp-json\/wp\/v2\/media\/120223"}],"wp:attachment":[{"href":"https:\/\/www.sudoestehoje.com.br\/novoportal\/wp-json\/wp\/v2\/media?parent=120221"}],"wp:term":[{"taxonomy":"category","embeddable":true,"href":"https:\/\/www.sudoestehoje.com.br\/novoportal\/wp-json\/wp\/v2\/categories?post=120221"},{"taxonomy":"post_tag","embeddable":true,"href":"https:\/\/www.sudoestehoje.com.br\/novoportal\/wp-json\/wp\/v2\/tags?post=120221"}],"curies":[{"name":"wp","href":"https:\/\/api.w.org\/{rel}","templated":true}]}}