
{"id":120191,"date":"2025-01-05T21:57:22","date_gmt":"2025-01-06T00:57:22","guid":{"rendered":"https:\/\/www.sudoestehoje.com.br\/novoportal\/?p=120191"},"modified":"2025-01-05T22:17:05","modified_gmt":"2025-01-06T01:17:05","slug":"regiao-predio-da-prefeitura-de-itororo-e-alvo-de-tentativa-de-incendio-dr-adauto-repudia-ato-criminoso","status":"publish","type":"post","link":"https:\/\/www.sudoestehoje.com.br\/novoportal\/2025\/01\/05\/regiao-predio-da-prefeitura-de-itororo-e-alvo-de-tentativa-de-incendio-dr-adauto-repudia-ato-criminoso\/","title":{"rendered":"REGI\u00c3O | PR\u00c9DIO DA PREFEITURA DE ITOROR\u00d3 \u00c9 ALVO DE TENTATIVA DE INC\u00caNDIO; DR. ADAUTO REPUDIA ATO CRIMINOSO"},"content":{"rendered":"<p><img loading=\"lazy\" decoding=\"async\" class=\"alignnone wp-image-120193\" src=\"https:\/\/www.sudoestehoje.com.br\/novoportal\/wp-content\/uploads\/2025\/01\/Prefeitura-de-Itororo-e1675897060123-1.jpg\" alt=\"\" width=\"549\" height=\"288\" \/><\/p>\n<p><strong>O pr\u00e9dio da prefeitura municipal de Itoror\u00f3 foi alvo de uma tentativa criminosa de inc\u00eancio, durante a madrugada deste domingo (5), de acordo com imagens de um v\u00eddeo divulgado nas redes sociais, com grande repercuss\u00e3o em toda a regi\u00e3o.<\/strong><\/p>\n<p><strong>Vidros quebrados, paredes e cortinas queimadas por um poss\u00edvel princ\u00edpio de inc\u00eandio, foram verificados no local, ap\u00f3s o ocorridos. Mesas e cadeiras tamb\u00e9m foram atingidos. <\/strong><\/p>\n<p><strong>No s\u00e1bado houve o registro de uma primeira tentativa de depreda\u00e7\u00e3o da prefeitura municipal que teve vidros quebrados, de acordo com informa\u00e7\u00f5es do site local Itoror\u00f3 J\u00e1.<\/strong><\/p>\n<p><strong>A sala atingida neste domingo fica localizada na parte de baixo do pr\u00e9dio da prefeitura e \u00e9 utilizada para cadastro de reservistas.\u00a0<\/strong><strong>O fogo foi apagado por um agente da Guarda Municipal, ainda durante a madrugada.\u00a0<\/strong><\/p>\n<p><strong>O caso ser\u00e1 investigado com o uso de imagens de c\u00e2meras de seguran\u00e7a instaladas no entorno da prefeitura, visando identificar supostos criminosos. A principal suspeita recai sobre advers\u00e1rios insatisfeitos do prefeito Adauto Almeida, vencedor do \u00faltimo pleito.<\/strong><\/p>\n<p><strong>O novo prefeito emitiu Nota de Rep\u00fadio contra o ato criminoso e solicitou a apura\u00e7\u00e3o rigorosa dos fatos, pela Pol\u00edcia Civil. Confira:\u00a0<\/strong><\/p>\n<p><img loading=\"lazy\" decoding=\"async\" class=\"alignnone wp-image-120196\" src=\"https:\/\/www.sudoestehoje.com.br\/novoportal\/wp-content\/uploads\/2025\/01\/Imagem-do-WhatsApp-de-2025-01-05-as-21.49.56_ee92170b.jpg\" alt=\"\" width=\"550\" height=\"515\" \/><\/p>\n<p><strong>Reda\u00e7\u00e3o SH<\/strong><\/p>\n","protected":false},"excerpt":{"rendered":"<p>O pr\u00e9dio da prefeitura municipal de Itoror\u00f3 foi alvo de uma tentativa criminosa de inc\u00eancio, durante a madrugada deste domingo (5), de acordo com imagens de um v\u00eddeo divulgado nas redes sociais, com grande repercuss\u00e3o em toda a regi\u00e3o. Vidros quebrados, paredes e cortinas queimadas por um poss\u00edvel princ\u00edpio de inc\u00eandio, foram verificados no local, [&hellip;]<\/p>\n","protected":false},"author":2,"featured_media":120193,"comment_status":"closed","ping_status":"open","sticky":false,"template":"","format":"standard","meta":{"footnotes":"","_links_to":"","_links_to_target":""},"categories":[1],"tags":[],"class_list":["post-120191","post","type-post","status-publish","format-standard","has-post-thumbnail","hentry","category-geral"],"views":1160,"_links":{"self":[{"href":"https:\/\/www.sudoestehoje.com.br\/novoportal\/wp-json\/wp\/v2\/posts\/120191","targetHints":{"allow":["GET"]}}],"collection":[{"href":"https:\/\/www.sudoestehoje.com.br\/novoportal\/wp-json\/wp\/v2\/posts"}],"about":[{"href":"https:\/\/www.sudoestehoje.com.br\/novoportal\/wp-json\/wp\/v2\/types\/post"}],"author":[{"embeddable":true,"href":"https:\/\/www.sudoestehoje.com.br\/novoportal\/wp-json\/wp\/v2\/users\/2"}],"replies":[{"embeddable":true,"href":"https:\/\/www.sudoestehoje.com.br\/novoportal\/wp-json\/wp\/v2\/comments?post=120191"}],"version-history":[{"count":7,"href":"https:\/\/www.sudoestehoje.com.br\/novoportal\/wp-json\/wp\/v2\/posts\/120191\/revisions"}],"predecessor-version":[{"id":120201,"href":"https:\/\/www.sudoestehoje.com.br\/novoportal\/wp-json\/wp\/v2\/posts\/120191\/revisions\/120201"}],"wp:featuredmedia":[{"embeddable":true,"href":"https:\/\/www.sudoestehoje.com.br\/novoportal\/wp-json\/wp\/v2\/media\/120193"}],"wp:attachment":[{"href":"https:\/\/www.sudoestehoje.com.br\/novoportal\/wp-json\/wp\/v2\/media?parent=120191"}],"wp:term":[{"taxonomy":"category","embeddable":true,"href":"https:\/\/www.sudoestehoje.com.br\/novoportal\/wp-json\/wp\/v2\/categories?post=120191"},{"taxonomy":"post_tag","embeddable":true,"href":"https:\/\/www.sudoestehoje.com.br\/novoportal\/wp-json\/wp\/v2\/tags?post=120191"}],"curies":[{"name":"wp","href":"https:\/\/api.w.org\/{rel}","templated":true}]}}