
{"id":120171,"date":"2025-01-03T08:29:35","date_gmt":"2025-01-03T11:29:35","guid":{"rendered":"https:\/\/www.sudoestehoje.com.br\/novoportal\/?p=120171"},"modified":"2025-01-03T08:34:05","modified_gmt":"2025-01-03T11:34:05","slug":"tempo-previsao-de-chuva-forte-em-itapetinga-a-partir-da-proxima-segunda-6","status":"publish","type":"post","link":"https:\/\/www.sudoestehoje.com.br\/novoportal\/2025\/01\/03\/tempo-previsao-de-chuva-forte-em-itapetinga-a-partir-da-proxima-segunda-6\/","title":{"rendered":"TEMPO | PREVIS\u00c3O DE CHUVA FORTE EM ITAPETINGA A PARTIR DA PR\u00d3XIMA SEGUNDA (6)"},"content":{"rendered":"<p><img loading=\"lazy\" decoding=\"async\" class=\" wp-image-120173\" src=\"https:\/\/www.sudoestehoje.com.br\/novoportal\/wp-content\/uploads\/2025\/01\/chuva11.jpg\" alt=\"\" width=\"551\" height=\"367\" \/><\/p>\n<p><strong>Uma frente fria deve passar pelo estado da Bahia, e logo depois deve se formar um outro sistema chamado Zona de Converg\u00eancia do atl\u00e2ntico sul ( ZCAS) &#x2614;&#xfe0f;&#x2614;&#xfe0f;<\/strong><\/p>\n<p><strong>Segunda-feira (06) j\u00e1 pode chover forte no Oeste, Sudoeste, algumas cidades da Chapada Diamantina e extremo sul.<\/strong><\/p>\n<p><strong>Itapetinga, Macarani, Itamb\u00e9, Itoror\u00f3, Caatiba, Maiquinique, Itarantim e tosos os munic\u00edpios da divisa com Minas Gerais est\u00e3o na rota das fortes chuvas que devem cair na regi\u00e3o, na pr\u00f3xima semana.<\/strong><\/p>\n<p><strong>A partir do dia 09\/01\/25 tem chance de chuva em Salvador, Regi\u00e3o Metropolitana, Feira de Santana e regi\u00e3o, Vale do Jiquiri\u00e7a, regi\u00e3o do sisal, nordeste, norte \u2026 tem chance de chuva em TODA Bahia.<\/strong><\/p>\n<p><strong>\u00c9 bom ligarmos o sinal de alerta !!!!!<\/strong><\/p>\n<p><strong>Reda\u00e7\u00e3o SH<\/strong><\/p>\n","protected":false},"excerpt":{"rendered":"<p>Uma frente fria deve passar pelo estado da Bahia, e logo depois deve se formar um outro sistema chamado Zona de Converg\u00eancia do atl\u00e2ntico sul ( ZCAS) &#x2614;&#xfe0f;&#x2614;&#xfe0f; Segunda-feira (06) j\u00e1 pode chover forte no Oeste, Sudoeste, algumas cidades da Chapada Diamantina e extremo sul. Itapetinga, Macarani, Itamb\u00e9, Itoror\u00f3, Caatiba, Maiquinique, Itarantim e tosos os [&hellip;]<\/p>\n","protected":false},"author":2,"featured_media":120173,"comment_status":"closed","ping_status":"open","sticky":false,"template":"","format":"standard","meta":{"footnotes":"","_links_to":"","_links_to_target":""},"categories":[1],"tags":[],"class_list":["post-120171","post","type-post","status-publish","format-standard","has-post-thumbnail","hentry","category-geral"],"views":1289,"_links":{"self":[{"href":"https:\/\/www.sudoestehoje.com.br\/novoportal\/wp-json\/wp\/v2\/posts\/120171","targetHints":{"allow":["GET"]}}],"collection":[{"href":"https:\/\/www.sudoestehoje.com.br\/novoportal\/wp-json\/wp\/v2\/posts"}],"about":[{"href":"https:\/\/www.sudoestehoje.com.br\/novoportal\/wp-json\/wp\/v2\/types\/post"}],"author":[{"embeddable":true,"href":"https:\/\/www.sudoestehoje.com.br\/novoportal\/wp-json\/wp\/v2\/users\/2"}],"replies":[{"embeddable":true,"href":"https:\/\/www.sudoestehoje.com.br\/novoportal\/wp-json\/wp\/v2\/comments?post=120171"}],"version-history":[{"count":4,"href":"https:\/\/www.sudoestehoje.com.br\/novoportal\/wp-json\/wp\/v2\/posts\/120171\/revisions"}],"predecessor-version":[{"id":120176,"href":"https:\/\/www.sudoestehoje.com.br\/novoportal\/wp-json\/wp\/v2\/posts\/120171\/revisions\/120176"}],"wp:featuredmedia":[{"embeddable":true,"href":"https:\/\/www.sudoestehoje.com.br\/novoportal\/wp-json\/wp\/v2\/media\/120173"}],"wp:attachment":[{"href":"https:\/\/www.sudoestehoje.com.br\/novoportal\/wp-json\/wp\/v2\/media?parent=120171"}],"wp:term":[{"taxonomy":"category","embeddable":true,"href":"https:\/\/www.sudoestehoje.com.br\/novoportal\/wp-json\/wp\/v2\/categories?post=120171"},{"taxonomy":"post_tag","embeddable":true,"href":"https:\/\/www.sudoestehoje.com.br\/novoportal\/wp-json\/wp\/v2\/tags?post=120171"}],"curies":[{"name":"wp","href":"https:\/\/api.w.org\/{rel}","templated":true}]}}