
{"id":120163,"date":"2025-01-02T19:29:43","date_gmt":"2025-01-02T22:29:43","guid":{"rendered":"https:\/\/www.sudoestehoje.com.br\/novoportal\/?p=120163"},"modified":"2025-01-02T19:32:19","modified_gmt":"2025-01-02T22:32:19","slug":"itapetinga-ex-vereador-gege-e-nomeado-administrador-de-bandeira-do-colonia","status":"publish","type":"post","link":"https:\/\/www.sudoestehoje.com.br\/novoportal\/2025\/01\/02\/itapetinga-ex-vereador-gege-e-nomeado-administrador-de-bandeira-do-colonia\/","title":{"rendered":"ITAPETINGA | EX-VEREADOR GEG\u00ca \u00c9 NOMEADO ADMINISTRADOR DE BANDEIRA DO COL\u00d4NIA"},"content":{"rendered":"<p><img loading=\"lazy\" decoding=\"async\" class=\"alignnone wp-image-120164\" src=\"https:\/\/www.sudoestehoje.com.br\/novoportal\/wp-content\/uploads\/2025\/01\/Imagem-do-WhatsApp-de-2025-01-02-as-17.19.33_0bcd8309.jpg\" alt=\"\" width=\"550\" height=\"374\" \/><\/p>\n<p><strong>Na tarde desta quinta-feira (2), o prefeito Eduardo Hagge nomeou o ex-vereador Genilson Feitosa (Geg) para o cargo de Administrador do Distrito de Bandeira do Col\u00f4nia.<\/strong><\/p>\n<p><strong>Filiado ao PSB, Geg\u00ea exerceu o cargo de vereador no munic\u00edpio at\u00e9 31 de dezembro de 2024, quando venceu o seu mandato.<\/strong><\/p>\n<p><strong>De acordo com declara\u00e7\u00e3o do prefeito, uma reforma administrativa dever\u00e1 transformar a administra\u00e7\u00e3o do distrito em prefeitura distrital, com mais autonomia e atribui\u00e7\u00f5es mais amplas, atrav\u00e9s de projeto de lei que tramitar\u00e1 na C\u00e2mara Municipal, ap\u00f3s o recesso legislativo.<\/strong><\/p>\n<p><img loading=\"lazy\" decoding=\"async\" class=\"alignnone wp-image-120165\" src=\"https:\/\/www.sudoestehoje.com.br\/novoportal\/wp-content\/uploads\/2025\/01\/Imagem-do-WhatsApp-de-2025-01-02-as-17.14.11_fa36ce0d.jpg\" alt=\"\" width=\"549\" height=\"777\" \/><\/p>\n<p><strong>Por Davi Ferraz\u00a0<\/strong><\/p>\n","protected":false},"excerpt":{"rendered":"<p>Na tarde desta quinta-feira (2), o prefeito Eduardo Hagge nomeou o ex-vereador Genilson Feitosa (Geg) para o cargo de Administrador do Distrito de Bandeira do Col\u00f4nia. Filiado ao PSB, Geg\u00ea exerceu o cargo de vereador no munic\u00edpio at\u00e9 31 de dezembro de 2024, quando venceu o seu mandato. De acordo com declara\u00e7\u00e3o do prefeito, uma [&hellip;]<\/p>\n","protected":false},"author":2,"featured_media":120164,"comment_status":"closed","ping_status":"open","sticky":false,"template":"","format":"standard","meta":{"footnotes":"","_links_to":"","_links_to_target":""},"categories":[1],"tags":[],"class_list":["post-120163","post","type-post","status-publish","format-standard","has-post-thumbnail","hentry","category-geral"],"views":600,"_links":{"self":[{"href":"https:\/\/www.sudoestehoje.com.br\/novoportal\/wp-json\/wp\/v2\/posts\/120163","targetHints":{"allow":["GET"]}}],"collection":[{"href":"https:\/\/www.sudoestehoje.com.br\/novoportal\/wp-json\/wp\/v2\/posts"}],"about":[{"href":"https:\/\/www.sudoestehoje.com.br\/novoportal\/wp-json\/wp\/v2\/types\/post"}],"author":[{"embeddable":true,"href":"https:\/\/www.sudoestehoje.com.br\/novoportal\/wp-json\/wp\/v2\/users\/2"}],"replies":[{"embeddable":true,"href":"https:\/\/www.sudoestehoje.com.br\/novoportal\/wp-json\/wp\/v2\/comments?post=120163"}],"version-history":[{"count":3,"href":"https:\/\/www.sudoestehoje.com.br\/novoportal\/wp-json\/wp\/v2\/posts\/120163\/revisions"}],"predecessor-version":[{"id":120168,"href":"https:\/\/www.sudoestehoje.com.br\/novoportal\/wp-json\/wp\/v2\/posts\/120163\/revisions\/120168"}],"wp:featuredmedia":[{"embeddable":true,"href":"https:\/\/www.sudoestehoje.com.br\/novoportal\/wp-json\/wp\/v2\/media\/120164"}],"wp:attachment":[{"href":"https:\/\/www.sudoestehoje.com.br\/novoportal\/wp-json\/wp\/v2\/media?parent=120163"}],"wp:term":[{"taxonomy":"category","embeddable":true,"href":"https:\/\/www.sudoestehoje.com.br\/novoportal\/wp-json\/wp\/v2\/categories?post=120163"},{"taxonomy":"post_tag","embeddable":true,"href":"https:\/\/www.sudoestehoje.com.br\/novoportal\/wp-json\/wp\/v2\/tags?post=120163"}],"curies":[{"name":"wp","href":"https:\/\/api.w.org\/{rel}","templated":true}]}}