
{"id":120142,"date":"2025-01-02T11:53:41","date_gmt":"2025-01-02T14:53:41","guid":{"rendered":"https:\/\/www.sudoestehoje.com.br\/novoportal\/?p=120142"},"modified":"2025-01-03T07:22:53","modified_gmt":"2025-01-03T10:22:53","slug":"no-primeiro-dia-de-governo-eduardo-hagge-despacha-com-secretarios-e-visita-setores-internos-da-administracao-municipal","status":"publish","type":"post","link":"https:\/\/www.sudoestehoje.com.br\/novoportal\/2025\/01\/02\/no-primeiro-dia-de-governo-eduardo-hagge-despacha-com-secretarios-e-visita-setores-internos-da-administracao-municipal\/","title":{"rendered":"NO PRIMEIRO DIA DE GOVERNO, EDUARDO HAGGE DESPACHA COM SECRET\u00c1RIOS E VISITA SETORES INTERNOS DA ADMINISTRA\u00c7\u00c3O MUNICIPAL"},"content":{"rendered":"<p><img loading=\"lazy\" decoding=\"async\" class=\"alignnone wp-image-120152\" src=\"https:\/\/www.sudoestehoje.com.br\/novoportal\/wp-content\/uploads\/2025\/01\/Imagem-do-WhatsApp-de-2025-01-02-as-11.21.03_764ab7f4.jpg\" alt=\"\" width=\"550\" height=\"310\" \/><\/p>\n<p><strong>Logo no in\u00edcio da manh\u00e3 desta quinta-feira (2), o prefeito Eduardo Hagge deu in\u00edcio ao seu governo, visitando todos os setores internos da prefeitura municipal, cumprimentando os servidores municipais em seus locais de trabalho e sinalizando para uma gest\u00e3o participativa e integrada entre todas as secretarias do seu governo.<\/strong><\/p>\n<p><img loading=\"lazy\" decoding=\"async\" class=\"alignnone wp-image-120151\" src=\"https:\/\/www.sudoestehoje.com.br\/novoportal\/wp-content\/uploads\/2025\/01\/Imagem-do-WhatsApp-de-2025-01-02-as-11.21.03_8c2e1339.jpg\" alt=\"\" width=\"550\" height=\"310\" \/><\/p>\n<p><strong>Ladeado pela primeira dama Zez\u00e9 Hagge e Secret\u00e1ria do Desenvolvimento Social e dos secret\u00e1rios Geraldo Trindade, Ieda Carvalho, Carlito Ferraz Alessandra Brito, Eduardo visitou o RH, Setor de Compras e Licita\u00e7\u00f5es, Contabilidade, Tesouraria, Tributa\u00e7\u00e3o, Controladoria, sala de Imprensa, setor de inform\u00e1tica e cantina, onde foi recepcionado com carinho e entusiasmo por todos os servidores destes setores.<\/strong><\/p>\n<p><img loading=\"lazy\" decoding=\"async\" class=\"alignnone wp-image-120150\" src=\"https:\/\/www.sudoestehoje.com.br\/novoportal\/wp-content\/uploads\/2025\/01\/Imagem-do-WhatsApp-de-2025-01-02-as-11.21.02_259c8d75.jpg\" alt=\"\" width=\"550\" height=\"310\" \/><\/p>\n<p><strong>Ainda pela manh\u00e3, o novo prefeito j\u00e1 havia se reunido com os secret\u00e1rios Geraldo Trindade, de governo, Z\u00e9 Renan, de Transportes e Billy Grahan, da Infraestrutura, para tra\u00e7ar metas relacionadas \u00e0s primeiras a\u00e7\u00f5es de governo nos pr\u00f3ximos dias.<\/strong><\/p>\n<p><strong>Nesta quinta e sexta-feira, a sede da prefeitura funciona em expediente interno, reabrindo para atendimento ao p\u00fablico na pr\u00f3xima segunda-feira (6).<\/strong><\/p>\n\n\t\t<style type=\"text\/css\">\n\t\t\t#gallery-1 {\n\t\t\t\tmargin: auto;\n\t\t\t}\n\t\t\t#gallery-1 .gallery-item {\n\t\t\t\tfloat: left;\n\t\t\t\tmargin-top: 10px;\n\t\t\t\ttext-align: center;\n\t\t\t\twidth: 33%;\n\t\t\t}\n\t\t\t#gallery-1 img {\n\t\t\t\tborder: 2px solid #cfcfcf;\n\t\t\t}\n\t\t\t#gallery-1 .gallery-caption {\n\t\t\t\tmargin-left: 0;\n\t\t\t}\n\t\t\t\/* see gallery_shortcode() in wp-includes\/media.php *\/\n\t\t<\/style>\n\t\t<div id='gallery-1' class='gallery galleryid-120142 gallery-columns-3 gallery-size-thumbnail'><dl class='gallery-item'>\n\t\t\t<dt class='gallery-icon landscape'>\n\t\t\t\t<a href='https:\/\/www.sudoestehoje.com.br\/novoportal\/2025\/01\/02\/no-primeiro-dia-de-governo-eduardo-hagge-despacha-com-secretarios-e-visita-setores-internos-da-administracao-municipal\/imagem-do-whatsapp-de-2025-01-02-as-11-21-02_856be437\/'><img loading=\"lazy\" decoding=\"async\" width=\"150\" height=\"84\" src=\"https:\/\/www.sudoestehoje.com.br\/novoportal\/wp-content\/uploads\/2025\/01\/Imagem-do-WhatsApp-de-2025-01-02-as-11.21.02_856be437.jpg\" class=\"attachment-thumbnail size-thumbnail\" alt=\"\" \/><\/a>\n\t\t\t<\/dt><\/dl><dl class='gallery-item'>\n\t\t\t<dt class='gallery-icon landscape'>\n\t\t\t\t<a href='https:\/\/www.sudoestehoje.com.br\/novoportal\/2025\/01\/02\/no-primeiro-dia-de-governo-eduardo-hagge-despacha-com-secretarios-e-visita-setores-internos-da-administracao-municipal\/imagem-do-whatsapp-de-2025-01-02-as-11-21-05_6eac5e96\/'><img loading=\"lazy\" decoding=\"async\" width=\"150\" height=\"84\" src=\"https:\/\/www.sudoestehoje.com.br\/novoportal\/wp-content\/uploads\/2025\/01\/Imagem-do-WhatsApp-de-2025-01-02-as-11.21.05_6eac5e96.jpg\" class=\"attachment-thumbnail size-thumbnail\" alt=\"\" \/><\/a>\n\t\t\t<\/dt><\/dl><dl class='gallery-item'>\n\t\t\t<dt class='gallery-icon landscape'>\n\t\t\t\t<a href='https:\/\/www.sudoestehoje.com.br\/novoportal\/2025\/01\/02\/no-primeiro-dia-de-governo-eduardo-hagge-despacha-com-secretarios-e-visita-setores-internos-da-administracao-municipal\/imagem-do-whatsapp-de-2025-01-02-as-11-21-04_75873df6\/'><img loading=\"lazy\" decoding=\"async\" width=\"150\" height=\"84\" src=\"https:\/\/www.sudoestehoje.com.br\/novoportal\/wp-content\/uploads\/2025\/01\/Imagem-do-WhatsApp-de-2025-01-02-as-11.21.04_75873df6.jpg\" class=\"attachment-thumbnail size-thumbnail\" alt=\"\" \/><\/a>\n\t\t\t<\/dt><\/dl><br style=\"clear: both\" \/><dl class='gallery-item'>\n\t\t\t<dt class='gallery-icon landscape'>\n\t\t\t\t<a href='https:\/\/www.sudoestehoje.com.br\/novoportal\/2025\/01\/02\/no-primeiro-dia-de-governo-eduardo-hagge-despacha-com-secretarios-e-visita-setores-internos-da-administracao-municipal\/imagem-do-whatsapp-de-2025-01-02-as-11-21-04_2286f193\/'><img loading=\"lazy\" decoding=\"async\" width=\"150\" height=\"84\" src=\"https:\/\/www.sudoestehoje.com.br\/novoportal\/wp-content\/uploads\/2025\/01\/Imagem-do-WhatsApp-de-2025-01-02-as-11.21.04_2286f193.jpg\" class=\"attachment-thumbnail size-thumbnail\" alt=\"\" \/><\/a>\n\t\t\t<\/dt><\/dl><dl class='gallery-item'>\n\t\t\t<dt class='gallery-icon landscape'>\n\t\t\t\t<a href='https:\/\/www.sudoestehoje.com.br\/novoportal\/2025\/01\/02\/no-primeiro-dia-de-governo-eduardo-hagge-despacha-com-secretarios-e-visita-setores-internos-da-administracao-municipal\/imagem-do-whatsapp-de-2025-01-02-as-11-21-04_899a94ef\/'><img loading=\"lazy\" decoding=\"async\" width=\"150\" height=\"84\" src=\"https:\/\/www.sudoestehoje.com.br\/novoportal\/wp-content\/uploads\/2025\/01\/Imagem-do-WhatsApp-de-2025-01-02-as-11.21.04_899a94ef.jpg\" class=\"attachment-thumbnail size-thumbnail\" alt=\"\" \/><\/a>\n\t\t\t<\/dt><\/dl><dl class='gallery-item'>\n\t\t\t<dt class='gallery-icon landscape'>\n\t\t\t\t<a href='https:\/\/www.sudoestehoje.com.br\/novoportal\/2025\/01\/02\/no-primeiro-dia-de-governo-eduardo-hagge-despacha-com-secretarios-e-visita-setores-internos-da-administracao-municipal\/imagem-do-whatsapp-de-2025-01-02-as-11-21-03_8c2e1339\/'><img loading=\"lazy\" decoding=\"async\" width=\"150\" height=\"84\" src=\"https:\/\/www.sudoestehoje.com.br\/novoportal\/wp-content\/uploads\/2025\/01\/Imagem-do-WhatsApp-de-2025-01-02-as-11.21.03_8c2e1339.jpg\" class=\"attachment-thumbnail size-thumbnail\" alt=\"\" \/><\/a>\n\t\t\t<\/dt><\/dl><br style=\"clear: both\" \/><dl class='gallery-item'>\n\t\t\t<dt class='gallery-icon landscape'>\n\t\t\t\t<a href='https:\/\/www.sudoestehoje.com.br\/novoportal\/2025\/01\/02\/no-primeiro-dia-de-governo-eduardo-hagge-despacha-com-secretarios-e-visita-setores-internos-da-administracao-municipal\/imagem-do-whatsapp-de-2025-01-02-as-11-21-02_259c8d75\/'><img loading=\"lazy\" decoding=\"async\" width=\"150\" height=\"84\" src=\"https:\/\/www.sudoestehoje.com.br\/novoportal\/wp-content\/uploads\/2025\/01\/Imagem-do-WhatsApp-de-2025-01-02-as-11.21.02_259c8d75.jpg\" class=\"attachment-thumbnail size-thumbnail\" alt=\"\" \/><\/a>\n\t\t\t<\/dt><\/dl><dl class='gallery-item'>\n\t\t\t<dt class='gallery-icon landscape'>\n\t\t\t\t<a href='https:\/\/www.sudoestehoje.com.br\/novoportal\/2025\/01\/02\/no-primeiro-dia-de-governo-eduardo-hagge-despacha-com-secretarios-e-visita-setores-internos-da-administracao-municipal\/imagem-do-whatsapp-de-2025-01-02-as-11-21-02_19f32b3e\/'><img loading=\"lazy\" decoding=\"async\" width=\"150\" height=\"84\" src=\"https:\/\/www.sudoestehoje.com.br\/novoportal\/wp-content\/uploads\/2025\/01\/Imagem-do-WhatsApp-de-2025-01-02-as-11.21.02_19f32b3e.jpg\" class=\"attachment-thumbnail size-thumbnail\" alt=\"\" \/><\/a>\n\t\t\t<\/dt><\/dl><dl class='gallery-item'>\n\t\t\t<dt class='gallery-icon landscape'>\n\t\t\t\t<a href='https:\/\/www.sudoestehoje.com.br\/novoportal\/2025\/01\/02\/no-primeiro-dia-de-governo-eduardo-hagge-despacha-com-secretarios-e-visita-setores-internos-da-administracao-municipal\/imagem-do-whatsapp-de-2025-01-02-as-11-21-01_fbaaa95c\/'><img loading=\"lazy\" decoding=\"async\" width=\"150\" height=\"84\" src=\"https:\/\/www.sudoestehoje.com.br\/novoportal\/wp-content\/uploads\/2025\/01\/Imagem-do-WhatsApp-de-2025-01-02-as-11.21.01_fbaaa95c.jpg\" class=\"attachment-thumbnail size-thumbnail\" alt=\"\" \/><\/a>\n\t\t\t<\/dt><\/dl><br style=\"clear: both\" \/><dl class='gallery-item'>\n\t\t\t<dt class='gallery-icon landscape'>\n\t\t\t\t<a href='https:\/\/www.sudoestehoje.com.br\/novoportal\/2025\/01\/02\/no-primeiro-dia-de-governo-eduardo-hagge-despacha-com-secretarios-e-visita-setores-internos-da-administracao-municipal\/imagem-do-whatsapp-de-2025-01-02-as-11-21-01_56e82b6e\/'><img loading=\"lazy\" decoding=\"async\" width=\"150\" height=\"84\" src=\"https:\/\/www.sudoestehoje.com.br\/novoportal\/wp-content\/uploads\/2025\/01\/Imagem-do-WhatsApp-de-2025-01-02-as-11.21.01_56e82b6e.jpg\" class=\"attachment-thumbnail size-thumbnail\" alt=\"\" \/><\/a>\n\t\t\t<\/dt><\/dl><dl class='gallery-item'>\n\t\t\t<dt class='gallery-icon landscape'>\n\t\t\t\t<a href='https:\/\/www.sudoestehoje.com.br\/novoportal\/2025\/01\/02\/no-primeiro-dia-de-governo-eduardo-hagge-despacha-com-secretarios-e-visita-setores-internos-da-administracao-municipal\/imagem-do-whatsapp-de-2025-01-02-as-11-21-03_855e3b25\/'><img loading=\"lazy\" decoding=\"async\" width=\"150\" height=\"84\" src=\"https:\/\/www.sudoestehoje.com.br\/novoportal\/wp-content\/uploads\/2025\/01\/Imagem-do-WhatsApp-de-2025-01-02-as-11.21.03_855e3b25.jpg\" class=\"attachment-thumbnail size-thumbnail\" alt=\"\" \/><\/a>\n\t\t\t<\/dt><\/dl><dl class='gallery-item'>\n\t\t\t<dt class='gallery-icon landscape'>\n\t\t\t\t<a href='https:\/\/www.sudoestehoje.com.br\/novoportal\/2025\/01\/02\/no-primeiro-dia-de-governo-eduardo-hagge-despacha-com-secretarios-e-visita-setores-internos-da-administracao-municipal\/imagem-do-whatsapp-de-2025-01-02-as-11-21-03_764ab7f4\/'><img loading=\"lazy\" decoding=\"async\" width=\"150\" height=\"84\" src=\"https:\/\/www.sudoestehoje.com.br\/novoportal\/wp-content\/uploads\/2025\/01\/Imagem-do-WhatsApp-de-2025-01-02-as-11.21.03_764ab7f4.jpg\" class=\"attachment-thumbnail size-thumbnail\" alt=\"\" \/><\/a>\n\t\t\t<\/dt><\/dl><br style=\"clear: both\" \/>\n\t\t<\/div>\n\n<p><strong>Por Davi Ferraz<\/strong><\/p>\n","protected":false},"excerpt":{"rendered":"<p>Logo no in\u00edcio da manh\u00e3 desta quinta-feira (2), o prefeito Eduardo Hagge deu in\u00edcio ao seu governo, visitando todos os setores internos da prefeitura municipal, cumprimentando os servidores municipais em seus locais de trabalho e sinalizando para uma gest\u00e3o participativa e integrada entre todas as secretarias do seu governo. Ladeado pela primeira dama Zez\u00e9 Hagge [&hellip;]<\/p>\n","protected":false},"author":2,"featured_media":120152,"comment_status":"closed","ping_status":"open","sticky":false,"template":"","format":"standard","meta":{"footnotes":"","_links_to":"","_links_to_target":""},"categories":[1],"tags":[],"class_list":["post-120142","post","type-post","status-publish","format-standard","has-post-thumbnail","hentry","category-geral"],"views":1795,"_links":{"self":[{"href":"https:\/\/www.sudoestehoje.com.br\/novoportal\/wp-json\/wp\/v2\/posts\/120142","targetHints":{"allow":["GET"]}}],"collection":[{"href":"https:\/\/www.sudoestehoje.com.br\/novoportal\/wp-json\/wp\/v2\/posts"}],"about":[{"href":"https:\/\/www.sudoestehoje.com.br\/novoportal\/wp-json\/wp\/v2\/types\/post"}],"author":[{"embeddable":true,"href":"https:\/\/www.sudoestehoje.com.br\/novoportal\/wp-json\/wp\/v2\/users\/2"}],"replies":[{"embeddable":true,"href":"https:\/\/www.sudoestehoje.com.br\/novoportal\/wp-json\/wp\/v2\/comments?post=120142"}],"version-history":[{"count":9,"href":"https:\/\/www.sudoestehoje.com.br\/novoportal\/wp-json\/wp\/v2\/posts\/120142\/revisions"}],"predecessor-version":[{"id":120170,"href":"https:\/\/www.sudoestehoje.com.br\/novoportal\/wp-json\/wp\/v2\/posts\/120142\/revisions\/120170"}],"wp:featuredmedia":[{"embeddable":true,"href":"https:\/\/www.sudoestehoje.com.br\/novoportal\/wp-json\/wp\/v2\/media\/120152"}],"wp:attachment":[{"href":"https:\/\/www.sudoestehoje.com.br\/novoportal\/wp-json\/wp\/v2\/media?parent=120142"}],"wp:term":[{"taxonomy":"category","embeddable":true,"href":"https:\/\/www.sudoestehoje.com.br\/novoportal\/wp-json\/wp\/v2\/categories?post=120142"},{"taxonomy":"post_tag","embeddable":true,"href":"https:\/\/www.sudoestehoje.com.br\/novoportal\/wp-json\/wp\/v2\/tags?post=120142"}],"curies":[{"name":"wp","href":"https:\/\/api.w.org\/{rel}","templated":true}]}}