
{"id":12014,"date":"2012-01-13T00:08:01","date_gmt":"2012-01-13T03:08:01","guid":{"rendered":"http:\/\/www.sudoestehoje.com.br\/novoportal\/?p=12014"},"modified":"2012-01-13T00:25:51","modified_gmt":"2012-01-13T03:25:51","slug":"oab-divulga-lista-de-aprovados","status":"publish","type":"post","link":"https:\/\/www.sudoestehoje.com.br\/novoportal\/2012\/01\/13\/oab-divulga-lista-de-aprovados\/","title":{"rendered":"OAB DIVULGA LISTA DE APROVADOS"},"content":{"rendered":"<p style=\"text-align: center;\"><img decoding=\"async\" src=\"http:\/\/cdn.mundodastribos.com\/wp-admin\/uploads\/2010\/04\/Exame-OAB-2010-2011-Inscri%C3%A7%C3%B5es-Para-Prova-Da-OAB.jpg\" alt=\"\" \/><\/p>\n<p>A Ordem dos Advogados do Brasil (OAB) divulgou nesta quinta-feira (12) a\u00a0lista de aprovados no 5\u00ba Exame de Ordem Unificado, realizado em dezembro de 2011. Prevista inicialmente para a pr\u00f3xima segunda-feira, a lista j\u00e1 pode ser conferida pelos candidatos no\u00a0<a href=\"http:\/\/www.oab.org.br\/\">site da Ordem<\/a> ou da\u00a0<a href=\"http:\/\/oab.fgv.br\/NovoSec.aspx?cod=5149&amp;key=163\">Funda\u00e7\u00e3o Get\u00falio Vargas (FGV)<\/a>, respons\u00e1vel pelo processo.<\/p>\n<p>Os resultados revelam um \u00edndice de aprova\u00e7\u00e3o recorde: 25% dos 108.335 inscritos no processo exigido para certificar os bachar\u00e9is em Direito que pretendem advogar foram aprovados. Os dados estat\u00edsticos gerais \u2013 resultados por institui\u00e7\u00e3o, por exemplo \u2013 ainda est\u00e3o sendo processados pela OAB, mas o n\u00famero de aprovados ficou pr\u00f3ximo a 27 mil.<\/p>\n<p><a href=\"http:\/\/img-oab.fgv.br\/Arquivos\/163\/Resultado_final.pdf\"><strong>Veja o resultado do 5\u00ba Exame da Ordem Unificado<\/strong><\/a><\/p>\n","protected":false},"excerpt":{"rendered":"<p>A Ordem dos Advogados do Brasil (OAB) divulgou nesta quinta-feira (12) a\u00a0lista de aprovados no 5\u00ba Exame de Ordem Unificado, realizado em dezembro de 2011. Prevista inicialmente para a pr\u00f3xima segunda-feira, a lista j\u00e1 pode ser conferida pelos candidatos no\u00a0site da Ordem ou da\u00a0Funda\u00e7\u00e3o Get\u00falio Vargas (FGV), respons\u00e1vel pelo processo. Os resultados revelam um \u00edndice [&hellip;]<\/p>\n","protected":false},"author":2,"featured_media":0,"comment_status":"open","ping_status":"open","sticky":false,"template":"","format":"standard","meta":{"footnotes":"","_links_to":"","_links_to_target":""},"categories":[1],"tags":[],"class_list":["post-12014","post","type-post","status-publish","format-standard","hentry","category-geral"],"views":1163,"_links":{"self":[{"href":"https:\/\/www.sudoestehoje.com.br\/novoportal\/wp-json\/wp\/v2\/posts\/12014","targetHints":{"allow":["GET"]}}],"collection":[{"href":"https:\/\/www.sudoestehoje.com.br\/novoportal\/wp-json\/wp\/v2\/posts"}],"about":[{"href":"https:\/\/www.sudoestehoje.com.br\/novoportal\/wp-json\/wp\/v2\/types\/post"}],"author":[{"embeddable":true,"href":"https:\/\/www.sudoestehoje.com.br\/novoportal\/wp-json\/wp\/v2\/users\/2"}],"replies":[{"embeddable":true,"href":"https:\/\/www.sudoestehoje.com.br\/novoportal\/wp-json\/wp\/v2\/comments?post=12014"}],"version-history":[{"count":4,"href":"https:\/\/www.sudoestehoje.com.br\/novoportal\/wp-json\/wp\/v2\/posts\/12014\/revisions"}],"predecessor-version":[{"id":12017,"href":"https:\/\/www.sudoestehoje.com.br\/novoportal\/wp-json\/wp\/v2\/posts\/12014\/revisions\/12017"}],"wp:attachment":[{"href":"https:\/\/www.sudoestehoje.com.br\/novoportal\/wp-json\/wp\/v2\/media?parent=12014"}],"wp:term":[{"taxonomy":"category","embeddable":true,"href":"https:\/\/www.sudoestehoje.com.br\/novoportal\/wp-json\/wp\/v2\/categories?post=12014"},{"taxonomy":"post_tag","embeddable":true,"href":"https:\/\/www.sudoestehoje.com.br\/novoportal\/wp-json\/wp\/v2\/tags?post=12014"}],"curies":[{"name":"wp","href":"https:\/\/api.w.org\/{rel}","templated":true}]}}