
{"id":12011,"date":"2012-01-13T00:04:18","date_gmt":"2012-01-13T03:04:18","guid":{"rendered":"http:\/\/www.sudoestehoje.com.br\/novoportal\/?p=12011"},"modified":"2012-01-13T00:37:44","modified_gmt":"2012-01-13T03:37:44","slug":"itarantim-prefeito-define-seu-candidato-a-prefeito","status":"publish","type":"post","link":"https:\/\/www.sudoestehoje.com.br\/novoportal\/2012\/01\/13\/itarantim-prefeito-define-seu-candidato-a-prefeito\/","title":{"rendered":"ITARANTIM: GIDE\u00c3O MATOS DEFINE CANDIDATO PARA SUA SUCESS\u00c3O"},"content":{"rendered":"<p style=\"text-align: center;\"><img decoding=\"async\" class=\"aligncenter\" src=\"http:\/\/www.politicosdosuldabahia.com.br\/v1\/wp-content\/uploads\/perfil-227x300.png\" alt=\"\" width=\"300\" \/><\/p>\n<p style=\"text-align: center;\"><em><strong>Candidato de Gide\u00e3o j\u00e1 estaria escolhido<\/strong><\/em><\/p>\n<p>Em Itarantim o prefeito Gide\u00e3o Matos (PP) n\u00e3o poder\u00e1 se candidatar, j\u00e1 que foi reeleito em 2008. Em fun\u00e7\u00e3o disto, existe uma grande expectativa no munic\u00edpio para saber quem ser\u00e1 o seu candidato \u00e0 sucess\u00e3o municipal.<\/p>\n<p>Inicialmente,\u00a0Gide\u00e3o estava disposto a lan\u00e7ar o seu vice, Paulo Fernandes (PSB), mas em 2011 os dois romperam e Paulo decidiu ser candidato pela oposi\u00e7\u00e3o. Como n\u00e3o encontrou um outro nome dentro do seu grupo, o prefeito ensaiou uma\u00a0articula\u00e7\u00e3o visando se aproximar do ex-prefeito Ricardo Souto (PHS), mas o acordo entre os dois arqui-advers\u00e1rios n\u00e3o prosperou.<\/p>\n<p>Fala-se agora, que Gide\u00e3o dever\u00e1 lan\u00e7ar o empres\u00e1rio Paulo Silva Vieira (PP), como seu candidato \u00e0 disputa de outubro.\u00a0Paulo \u00e9 propriet\u00e1rio de uma loja de material de constru\u00e7\u00e3o no munic\u00edpio, \u00e9 natural da Itarantim e goza de grande popularidade na cidade. Por isto, o coment\u00e1rio na cidade \u00e9 que o alcaide fez uma jogada de mestre quando escolheu o seu candidato. Informa\u00e7\u00f5es do\u00a0<em>Pol\u00edticos do Sul da Bahia<\/em><\/p>\n<p><em> <\/em><\/p>\n","protected":false},"excerpt":{"rendered":"<p>Candidato de Gide\u00e3o j\u00e1 estaria escolhido Em Itarantim o prefeito Gide\u00e3o Matos (PP) n\u00e3o poder\u00e1 se candidatar, j\u00e1 que foi reeleito em 2008. Em fun\u00e7\u00e3o disto, existe uma grande expectativa no munic\u00edpio para saber quem ser\u00e1 o seu candidato \u00e0 sucess\u00e3o municipal. Inicialmente,\u00a0Gide\u00e3o estava disposto a lan\u00e7ar o seu vice, Paulo Fernandes (PSB), mas em [&hellip;]<\/p>\n","protected":false},"author":2,"featured_media":0,"comment_status":"open","ping_status":"open","sticky":false,"template":"","format":"standard","meta":{"footnotes":"","_links_to":"","_links_to_target":""},"categories":[1],"tags":[],"class_list":["post-12011","post","type-post","status-publish","format-standard","hentry","category-geral"],"views":1107,"_links":{"self":[{"href":"https:\/\/www.sudoestehoje.com.br\/novoportal\/wp-json\/wp\/v2\/posts\/12011","targetHints":{"allow":["GET"]}}],"collection":[{"href":"https:\/\/www.sudoestehoje.com.br\/novoportal\/wp-json\/wp\/v2\/posts"}],"about":[{"href":"https:\/\/www.sudoestehoje.com.br\/novoportal\/wp-json\/wp\/v2\/types\/post"}],"author":[{"embeddable":true,"href":"https:\/\/www.sudoestehoje.com.br\/novoportal\/wp-json\/wp\/v2\/users\/2"}],"replies":[{"embeddable":true,"href":"https:\/\/www.sudoestehoje.com.br\/novoportal\/wp-json\/wp\/v2\/comments?post=12011"}],"version-history":[{"count":5,"href":"https:\/\/www.sudoestehoje.com.br\/novoportal\/wp-json\/wp\/v2\/posts\/12011\/revisions"}],"predecessor-version":[{"id":12022,"href":"https:\/\/www.sudoestehoje.com.br\/novoportal\/wp-json\/wp\/v2\/posts\/12011\/revisions\/12022"}],"wp:attachment":[{"href":"https:\/\/www.sudoestehoje.com.br\/novoportal\/wp-json\/wp\/v2\/media?parent=12011"}],"wp:term":[{"taxonomy":"category","embeddable":true,"href":"https:\/\/www.sudoestehoje.com.br\/novoportal\/wp-json\/wp\/v2\/categories?post=12011"},{"taxonomy":"post_tag","embeddable":true,"href":"https:\/\/www.sudoestehoje.com.br\/novoportal\/wp-json\/wp\/v2\/tags?post=12011"}],"curies":[{"name":"wp","href":"https:\/\/api.w.org\/{rel}","templated":true}]}}