
{"id":120087,"date":"2024-12-30T08:28:08","date_gmt":"2024-12-30T11:28:08","guid":{"rendered":"https:\/\/www.sudoestehoje.com.br\/novoportal\/?p=120087"},"modified":"2024-12-29T23:30:59","modified_gmt":"2024-12-30T02:30:59","slug":"policlinica-regional-de-itapetinga-esta-sendo-construida-em-area-com-alto-risco-de-inundacoes-pelo-rio-catole","status":"publish","type":"post","link":"https:\/\/www.sudoestehoje.com.br\/novoportal\/2024\/12\/30\/policlinica-regional-de-itapetinga-esta-sendo-construida-em-area-com-alto-risco-de-inundacoes-pelo-rio-catole\/","title":{"rendered":"POLICL\u00cdNICA REGIONAL DE ITAPETINGA EST\u00c1 SENDO CONSTRU\u00cdDA EM \u00c1REA COM ALTO RISCO DE INUNDA\u00c7\u00d5ES PELO RIO CATOL\u00c9"},"content":{"rendered":"<p><img loading=\"lazy\" decoding=\"async\" class=\"alignnone  wp-image-120094\" src=\"https:\/\/www.sudoestehoje.com.br\/novoportal\/wp-content\/uploads\/2024\/12\/Imagem-do-WhatsApp-de-2024-12-29-as-21.34.41_46de58ca.jpg\" alt=\"\" width=\"550\" height=\"550\" \/><\/p>\n<p><strong>A t\u00e3o esperada Policl\u00ednica Regional, anunciada pelo Governo Federal em parceria com o Governo do Estado, come\u00e7ou, finalmente, a ser constru\u00edda em Itapetinga, em uma \u00e1rea ligada ao IF-Baiano, \u00e0s margens do Avenida J\u00falio Rodrigues, pr\u00f3ximo \u00e0s Vilas, com um custo de mais de R$ 24 milh\u00f5es.<\/strong><\/p>\n<p><strong>A receptividade por parte da popula\u00e7\u00e3o foi excelente, mas a escolha do local foi de uma infelicidade tamanha, que d\u00e1 at\u00e9 para duvidar da compet\u00eancia de quem fez a escolha do terreno, historicamente inundado nas repetidas cheias do Rio Catol\u00e9.<\/strong><\/p>\n<p><strong>\u00c1REA INUND\u00c1VEL<\/strong><\/p>\n<p><strong>Notificada pela Secretaria de Infraestrutura na Prefeitura, prepostos da empresa encarregada da obra se disserem surpreendidos pela informa\u00e7\u00e3o de que a \u00e1rea \u00e9 de alto risco de alagamentos\u00a0 e inunda\u00e7\u00f5es, informando que a escolha do local coube aos t\u00e9cnicos do governo, e n\u00e3o \u00e0 empreiteira da obra.<\/strong><\/p>\n<p><strong>Sabe-se entretanto, que o local foi indicado por figuras pol\u00edticas ligadas ao grupo local do governador, num ato de irresponsabilidade sem precedentes, que poder\u00e1 causar danos irrepar\u00e1veis ao er\u00e1rio p\u00fablico e \u00e0 popula\u00e7\u00e3o, quando acontecer mais uma enchente na bacia do Rio Catol\u00e9, que sempre se repete e alaga toda a baixada nas proximidades da ponte da rodovi\u00e1ria.\u00a0<\/strong><\/p>\n<p><strong>OBRA EMBARGADA<\/strong><\/p>\n<p><strong>Por precau\u00e7\u00e3o, a prefeitura embargou a constru\u00e7\u00e3o, ainda na fase de terraplenagem, recomendando a escolha de outro local sem riscos ou um estudo aprofundado dos impactos que poder\u00e3o ser causados, com ado\u00e7\u00e3o de medidas de prote\u00e7\u00e3o contra alagamentos, caso o governo do estado persista na continuidade da obra no mesmo local.<\/strong><\/p>\n<p><strong>Al\u00e9m do risco de alagamentos pelas cheias do rio, a \u00e1rea escolhida recebe toda a descarga de uma enorme galeria pluvial que passa pelo subsolo da Av. J\u00falio Rodrigues, e drena as \u00e1guas das redes dos bairros adjacentes.<\/strong><\/p>\n<p><strong>Falta de aviso n\u00e3o foi&#8230;<\/strong><\/p>\n<p><strong>Por Davi Ferraz<\/strong><\/p>\n","protected":false},"excerpt":{"rendered":"<p>A t\u00e3o esperada Policl\u00ednica Regional, anunciada pelo Governo Federal em parceria com o Governo do Estado, come\u00e7ou, finalmente, a ser constru\u00edda em Itapetinga, em uma \u00e1rea ligada ao IF-Baiano, \u00e0s margens do Avenida J\u00falio Rodrigues, pr\u00f3ximo \u00e0s Vilas, com um custo de mais de R$ 24 milh\u00f5es. A receptividade por parte da popula\u00e7\u00e3o foi excelente, [&hellip;]<\/p>\n","protected":false},"author":2,"featured_media":120094,"comment_status":"closed","ping_status":"open","sticky":false,"template":"","format":"standard","meta":{"footnotes":"","_links_to":"","_links_to_target":""},"categories":[1],"tags":[],"class_list":["post-120087","post","type-post","status-publish","format-standard","has-post-thumbnail","hentry","category-geral"],"views":2076,"_links":{"self":[{"href":"https:\/\/www.sudoestehoje.com.br\/novoportal\/wp-json\/wp\/v2\/posts\/120087","targetHints":{"allow":["GET"]}}],"collection":[{"href":"https:\/\/www.sudoestehoje.com.br\/novoportal\/wp-json\/wp\/v2\/posts"}],"about":[{"href":"https:\/\/www.sudoestehoje.com.br\/novoportal\/wp-json\/wp\/v2\/types\/post"}],"author":[{"embeddable":true,"href":"https:\/\/www.sudoestehoje.com.br\/novoportal\/wp-json\/wp\/v2\/users\/2"}],"replies":[{"embeddable":true,"href":"https:\/\/www.sudoestehoje.com.br\/novoportal\/wp-json\/wp\/v2\/comments?post=120087"}],"version-history":[{"count":7,"href":"https:\/\/www.sudoestehoje.com.br\/novoportal\/wp-json\/wp\/v2\/posts\/120087\/revisions"}],"predecessor-version":[{"id":120095,"href":"https:\/\/www.sudoestehoje.com.br\/novoportal\/wp-json\/wp\/v2\/posts\/120087\/revisions\/120095"}],"wp:featuredmedia":[{"embeddable":true,"href":"https:\/\/www.sudoestehoje.com.br\/novoportal\/wp-json\/wp\/v2\/media\/120094"}],"wp:attachment":[{"href":"https:\/\/www.sudoestehoje.com.br\/novoportal\/wp-json\/wp\/v2\/media?parent=120087"}],"wp:term":[{"taxonomy":"category","embeddable":true,"href":"https:\/\/www.sudoestehoje.com.br\/novoportal\/wp-json\/wp\/v2\/categories?post=120087"},{"taxonomy":"post_tag","embeddable":true,"href":"https:\/\/www.sudoestehoje.com.br\/novoportal\/wp-json\/wp\/v2\/tags?post=120087"}],"curies":[{"name":"wp","href":"https:\/\/api.w.org\/{rel}","templated":true}]}}