
{"id":12008,"date":"2012-01-13T00:06:03","date_gmt":"2012-01-13T03:06:03","guid":{"rendered":"http:\/\/www.sudoestehoje.com.br\/novoportal\/?p=12008"},"modified":"2012-01-13T00:26:21","modified_gmt":"2012-01-13T03:26:21","slug":"prorrogadas-inscricoes-para-o-reda-da-educacao","status":"publish","type":"post","link":"https:\/\/www.sudoestehoje.com.br\/novoportal\/2012\/01\/13\/prorrogadas-inscricoes-para-o-reda-da-educacao\/","title":{"rendered":"PRORROGADAS INSCRI\u00c7\u00d5ES PARA O REDA DA EDUCA\u00c7\u00c3O"},"content":{"rendered":"<p style=\"text-align: center;\"><img decoding=\"async\" class=\"aligncenter\" src=\"http:\/\/www.itaberabanoticias.com.br\/wp-content\/uploads\/prorrogado-destaque.jpg\" alt=\"\" width=\"400\" \/><\/p>\n<p>O governo baiano anunciou nesta tarde a prorroga\u00e7\u00e3o, at\u00e9 dia 16, do prazo de inscri\u00e7\u00e3o no processo seletivo para contratar 1.093 professores e 2.209 assistentes administrativos para trabalhar nas escolas estaduais.<\/p>\n<p>Em nota, a Secretaria Estadual de Educa\u00e7\u00e3o (SEC) diz que o prazo foi prorrogado devido a dificuldades de acesso ao site da Consultec, a empresa respons\u00e1vel pela aplica\u00e7\u00e3o das provas da sele\u00e7\u00e3o. O site continua inst\u00e1vel. Apesar da prorroga\u00e7\u00e3o das inscri\u00e7\u00f5es, a prova est\u00e1 mantida para 29 de janeiro.<\/p>\n<p>As inscri\u00e7\u00f5es ser\u00e3o feitas somente pela internet, no site da Consultec (<a href=\"http:\/\/www.consultec.com.br\/\" target=\"_blank\">www.consultec.com.br<\/a>). A taxa \u00e9 de R$ 17,44 para assistente administrativo e R$ 32,44 para professor.\u00a0A remunera\u00e7\u00e3o para assistente \u00e9 de R$ 622,00 por m\u00eas. Para professor, varia de\u00a0R$ 779,20 a R$ 976,78.<\/p>\n<p>As contrata\u00e7\u00f5es ser\u00e3o feitas pelo\u00a0Regime Especial de Direito Administrativo (Reda). A SEC recomenda ao candidato ler o edital antes da inscri\u00e7\u00e3o. C\u00f3pia do documento est\u00e1 dispon\u00edvel nos sites da\u00a0<a href=\"http:\/\/www.consultec.com.br\/\" target=\"_blank\">Consultec<\/a> e da SEC (<a href=\"http:\/\/www.educacao.ba.gov.br\/\" target=\"_blank\">www.educacao.ba.gov.br<\/a>).<\/p>\n","protected":false},"excerpt":{"rendered":"<p>O governo baiano anunciou nesta tarde a prorroga\u00e7\u00e3o, at\u00e9 dia 16, do prazo de inscri\u00e7\u00e3o no processo seletivo para contratar 1.093 professores e 2.209 assistentes administrativos para trabalhar nas escolas estaduais. Em nota, a Secretaria Estadual de Educa\u00e7\u00e3o (SEC) diz que o prazo foi prorrogado devido a dificuldades de acesso ao site da Consultec, a [&hellip;]<\/p>\n","protected":false},"author":2,"featured_media":0,"comment_status":"open","ping_status":"open","sticky":false,"template":"","format":"standard","meta":{"footnotes":"","_links_to":"","_links_to_target":""},"categories":[1],"tags":[],"class_list":["post-12008","post","type-post","status-publish","format-standard","hentry","category-geral"],"views":1385,"_links":{"self":[{"href":"https:\/\/www.sudoestehoje.com.br\/novoportal\/wp-json\/wp\/v2\/posts\/12008","targetHints":{"allow":["GET"]}}],"collection":[{"href":"https:\/\/www.sudoestehoje.com.br\/novoportal\/wp-json\/wp\/v2\/posts"}],"about":[{"href":"https:\/\/www.sudoestehoje.com.br\/novoportal\/wp-json\/wp\/v2\/types\/post"}],"author":[{"embeddable":true,"href":"https:\/\/www.sudoestehoje.com.br\/novoportal\/wp-json\/wp\/v2\/users\/2"}],"replies":[{"embeddable":true,"href":"https:\/\/www.sudoestehoje.com.br\/novoportal\/wp-json\/wp\/v2\/comments?post=12008"}],"version-history":[{"count":3,"href":"https:\/\/www.sudoestehoje.com.br\/novoportal\/wp-json\/wp\/v2\/posts\/12008\/revisions"}],"predecessor-version":[{"id":12010,"href":"https:\/\/www.sudoestehoje.com.br\/novoportal\/wp-json\/wp\/v2\/posts\/12008\/revisions\/12010"}],"wp:attachment":[{"href":"https:\/\/www.sudoestehoje.com.br\/novoportal\/wp-json\/wp\/v2\/media?parent=12008"}],"wp:term":[{"taxonomy":"category","embeddable":true,"href":"https:\/\/www.sudoestehoje.com.br\/novoportal\/wp-json\/wp\/v2\/categories?post=12008"},{"taxonomy":"post_tag","embeddable":true,"href":"https:\/\/www.sudoestehoje.com.br\/novoportal\/wp-json\/wp\/v2\/tags?post=12008"}],"curies":[{"name":"wp","href":"https:\/\/api.w.org\/{rel}","templated":true}]}}