
{"id":120077,"date":"2024-12-26T08:26:26","date_gmt":"2024-12-26T11:26:26","guid":{"rendered":"https:\/\/www.sudoestehoje.com.br\/novoportal\/?p=120077"},"modified":"2024-12-26T19:35:25","modified_gmt":"2024-12-26T22:35:25","slug":"itapetinga-cerimonia-de-posse-de-eduardo-hagge-sera-na-praca-dairy-valley-em-frente-a-prefeitura","status":"publish","type":"post","link":"https:\/\/www.sudoestehoje.com.br\/novoportal\/2024\/12\/26\/itapetinga-cerimonia-de-posse-de-eduardo-hagge-sera-na-praca-dairy-valley-em-frente-a-prefeitura\/","title":{"rendered":"ITAPETINGA | CERIM\u00d4NIA DE POSSE DE EDUARDO HAGGE SER\u00c1 NA C\u00c2MARA E PRA\u00c7A DAIRY VALLEY"},"content":{"rendered":"<p><img loading=\"lazy\" decoding=\"async\" class=\"alignnone wp-image-120079\" src=\"https:\/\/www.sudoestehoje.com.br\/novoportal\/wp-content\/uploads\/2024\/12\/WhatsApp-Image-2024-08-04-at-20.07.52-3-1024x682-1.jpeg\" alt=\"\" width=\"550\" height=\"366\" \/><\/p>\n<p><strong>A exemplo do que aconteceu com o atual prefeito Rodrigo Hagge, em 2017, o novo prefeito de Itapetinga, Eduardo Hagge (MDB), assumir\u00e1 o cargo no Pa\u00e7o Municipal, localizado na Pra\u00e7a Dairy Valley, em 1\u00ba de janeiro de 2025.\u00a0<\/strong><\/p>\n<p><strong>POSSE NA C\u00c2MARA<\/strong><\/p>\n<p><strong>A cerim\u00f4nia ter\u00e1 in\u00edcio na sede do poder legislativo municipal, partir das 9h, com a elei\u00e7\u00e3o e posse da nova Mesa Diretora da C\u00e2mara Municipal, que, em seguida, empossar\u00e1 o prefeito Eduardo Hagge e seu vice Al\u00e9cio Chaves, de acordo com o protocolo previsto na Lei Org\u00e2nica Municipal.<\/strong><\/p>\n<p><strong>TRANSMISS\u00c3O DO CARGO\u00a0 NA PRA\u00c7A<\/strong><\/p>\n<p><strong>Encerrando a cerim\u00f4nia, o novo prefeito far\u00e1 o seu discurso de posse e ser\u00e1 conduzido, juntamente com seus auxiliares e autoridades, ao gabinete do prefeito, onde assumir\u00e1 o cargo pelos pr\u00f3ximos 4 anos, oficialmente.<\/strong><\/p>\n<p><strong>A estrutura com palanque o barrac\u00e3o para o p\u00fablico, ser\u00e1 montada em frente \u00e0 prefeitura.<\/strong><\/p>\n<div style=\"width: 478px;\" class=\"wp-video\"><!--[if lt IE 9]><script>document.createElement('video');<\/script><![endif]-->\n<video class=\"wp-video-shortcode\" id=\"video-120077-1\" width=\"478\" height=\"850\" preload=\"metadata\" controls=\"controls\"><source type=\"video\/mp4\" src=\"https:\/\/www.sudoestehoje.com.br\/novoportal\/wp-content\/uploads\/2024\/12\/Video-do-WhatsApp-de-2024-12-26-as-19.07.18_d6424969.mp4?_=1\" \/><a href=\"https:\/\/www.sudoestehoje.com.br\/novoportal\/wp-content\/uploads\/2024\/12\/Video-do-WhatsApp-de-2024-12-26-as-19.07.18_d6424969.mp4\">https:\/\/www.sudoestehoje.com.br\/novoportal\/wp-content\/uploads\/2024\/12\/Video-do-WhatsApp-de-2024-12-26-as-19.07.18_d6424969.mp4<\/a><\/video><\/div>\n<p><strong>Por Davi Ferraz\u00a0<\/strong><\/p>\n","protected":false},"excerpt":{"rendered":"<p>A exemplo do que aconteceu com o atual prefeito Rodrigo Hagge, em 2017, o novo prefeito de Itapetinga, Eduardo Hagge (MDB), assumir\u00e1 o cargo no Pa\u00e7o Municipal, localizado na Pra\u00e7a Dairy Valley, em 1\u00ba de janeiro de 2025.\u00a0 POSSE NA C\u00c2MARA A cerim\u00f4nia ter\u00e1 in\u00edcio na sede do poder legislativo municipal, partir das 9h, com [&hellip;]<\/p>\n","protected":false},"author":2,"featured_media":120079,"comment_status":"closed","ping_status":"open","sticky":false,"template":"","format":"standard","meta":{"footnotes":"","_links_to":"","_links_to_target":""},"categories":[1],"tags":[],"class_list":["post-120077","post","type-post","status-publish","format-standard","has-post-thumbnail","hentry","category-geral"],"views":1140,"_links":{"self":[{"href":"https:\/\/www.sudoestehoje.com.br\/novoportal\/wp-json\/wp\/v2\/posts\/120077","targetHints":{"allow":["GET"]}}],"collection":[{"href":"https:\/\/www.sudoestehoje.com.br\/novoportal\/wp-json\/wp\/v2\/posts"}],"about":[{"href":"https:\/\/www.sudoestehoje.com.br\/novoportal\/wp-json\/wp\/v2\/types\/post"}],"author":[{"embeddable":true,"href":"https:\/\/www.sudoestehoje.com.br\/novoportal\/wp-json\/wp\/v2\/users\/2"}],"replies":[{"embeddable":true,"href":"https:\/\/www.sudoestehoje.com.br\/novoportal\/wp-json\/wp\/v2\/comments?post=120077"}],"version-history":[{"count":6,"href":"https:\/\/www.sudoestehoje.com.br\/novoportal\/wp-json\/wp\/v2\/posts\/120077\/revisions"}],"predecessor-version":[{"id":120085,"href":"https:\/\/www.sudoestehoje.com.br\/novoportal\/wp-json\/wp\/v2\/posts\/120077\/revisions\/120085"}],"wp:featuredmedia":[{"embeddable":true,"href":"https:\/\/www.sudoestehoje.com.br\/novoportal\/wp-json\/wp\/v2\/media\/120079"}],"wp:attachment":[{"href":"https:\/\/www.sudoestehoje.com.br\/novoportal\/wp-json\/wp\/v2\/media?parent=120077"}],"wp:term":[{"taxonomy":"category","embeddable":true,"href":"https:\/\/www.sudoestehoje.com.br\/novoportal\/wp-json\/wp\/v2\/categories?post=120077"},{"taxonomy":"post_tag","embeddable":true,"href":"https:\/\/www.sudoestehoje.com.br\/novoportal\/wp-json\/wp\/v2\/tags?post=120077"}],"curies":[{"name":"wp","href":"https:\/\/api.w.org\/{rel}","templated":true}]}}