
{"id":120037,"date":"2024-12-24T08:00:54","date_gmt":"2024-12-24T11:00:54","guid":{"rendered":"https:\/\/www.sudoestehoje.com.br\/novoportal\/?p=120037"},"modified":"2024-12-23T19:14:37","modified_gmt":"2024-12-23T22:14:37","slug":"em-plena-expansao-atacadista-mix-mateus-deve-chegar-a-itapetinga-em-2025","status":"publish","type":"post","link":"https:\/\/www.sudoestehoje.com.br\/novoportal\/2024\/12\/24\/em-plena-expansao-atacadista-mix-mateus-deve-chegar-a-itapetinga-em-2025\/","title":{"rendered":"EM PLENA EXPANS\u00c3O, ATACADISTA MIX MATEUS DEVE CHEGAR A ITAPETINGA EM 2025"},"content":{"rendered":"<p><img loading=\"lazy\" decoding=\"async\" class=\"alignnone  wp-image-120040\" src=\"https:\/\/www.sudoestehoje.com.br\/novoportal\/wp-content\/uploads\/2024\/12\/Imagem-do-WhatsApp-de-2024-12-22-as-16.54.17_4d32ed23.jpg\" alt=\"\" width=\"550\" height=\"316\" \/><\/p>\n<p><strong>O grupo Mateus est\u00e1 em processo de expans\u00e3o na Bahia, onde j\u00e1 possui 8 lojas, localizadas nas cidades de Porto Seguro, Teixeira de Freitas, Jacobina, Juazeiro, Concei\u00e7\u00e3o do Coit\u00e9, Vit\u00f3ria da Conquista, Itabuna e Eun\u00e1polis, e j\u00e1 anunciou que pretende chegar a outros munic\u00edpios baianos, inclusive Itapetinga, polo regional atrativo, com economia em pleno crescimento.<\/strong><\/p>\n<p><strong>De acordo com fonte contatada pelo<em> Sudoeste Hoje<\/em>, 2025 ser\u00e1 determinante para a instala\u00e7\u00e3o do novo atacadista na &#8216;Capital da Pecu\u00e1ria&#8217;, que j\u00e1 contava com o Assa\u00ed Atacadista e acaba de receber o Atakarejo, inaugurado no \u00faltimo dia 12 de dezembro, com sucesso de vendas.<\/strong><\/p>\n<p><strong>A chegada de mais um atacadista m Itapetinga, segundo a fonte, \u00e9 plenamente vi\u00e1vel, pelo potencial econ\u00f4mico da regi\u00e3o, que inclui munic\u00edpios do Sul e Sudoeste baiano e diversas cidades do norte de Minas\u00a0 Gerais, que j\u00e1 t\u00eam Itapetinga como um verdadeiro polo regional, a exemplo de Jord\u00e2nia, Bandeira de Minas, Almenara e Salto da Divisa, dentre outros.<\/strong><\/p>\n<p><strong>Logo teremos novidades&#8230;<\/strong><\/p>\n<p><strong>Por Davi Ferraz\u00a0\u00a0<\/strong><\/p>\n","protected":false},"excerpt":{"rendered":"<p>O grupo Mateus est\u00e1 em processo de expans\u00e3o na Bahia, onde j\u00e1 possui 8 lojas, localizadas nas cidades de Porto Seguro, Teixeira de Freitas, Jacobina, Juazeiro, Concei\u00e7\u00e3o do Coit\u00e9, Vit\u00f3ria da Conquista, Itabuna e Eun\u00e1polis, e j\u00e1 anunciou que pretende chegar a outros munic\u00edpios baianos, inclusive Itapetinga, polo regional atrativo, com economia em pleno crescimento. [&hellip;]<\/p>\n","protected":false},"author":2,"featured_media":120040,"comment_status":"closed","ping_status":"open","sticky":false,"template":"","format":"standard","meta":{"footnotes":"","_links_to":"","_links_to_target":""},"categories":[1],"tags":[],"class_list":["post-120037","post","type-post","status-publish","format-standard","has-post-thumbnail","hentry","category-geral"],"views":4487,"_links":{"self":[{"href":"https:\/\/www.sudoestehoje.com.br\/novoportal\/wp-json\/wp\/v2\/posts\/120037","targetHints":{"allow":["GET"]}}],"collection":[{"href":"https:\/\/www.sudoestehoje.com.br\/novoportal\/wp-json\/wp\/v2\/posts"}],"about":[{"href":"https:\/\/www.sudoestehoje.com.br\/novoportal\/wp-json\/wp\/v2\/types\/post"}],"author":[{"embeddable":true,"href":"https:\/\/www.sudoestehoje.com.br\/novoportal\/wp-json\/wp\/v2\/users\/2"}],"replies":[{"embeddable":true,"href":"https:\/\/www.sudoestehoje.com.br\/novoportal\/wp-json\/wp\/v2\/comments?post=120037"}],"version-history":[{"count":4,"href":"https:\/\/www.sudoestehoje.com.br\/novoportal\/wp-json\/wp\/v2\/posts\/120037\/revisions"}],"predecessor-version":[{"id":120042,"href":"https:\/\/www.sudoestehoje.com.br\/novoportal\/wp-json\/wp\/v2\/posts\/120037\/revisions\/120042"}],"wp:featuredmedia":[{"embeddable":true,"href":"https:\/\/www.sudoestehoje.com.br\/novoportal\/wp-json\/wp\/v2\/media\/120040"}],"wp:attachment":[{"href":"https:\/\/www.sudoestehoje.com.br\/novoportal\/wp-json\/wp\/v2\/media?parent=120037"}],"wp:term":[{"taxonomy":"category","embeddable":true,"href":"https:\/\/www.sudoestehoje.com.br\/novoportal\/wp-json\/wp\/v2\/categories?post=120037"},{"taxonomy":"post_tag","embeddable":true,"href":"https:\/\/www.sudoestehoje.com.br\/novoportal\/wp-json\/wp\/v2\/tags?post=120037"}],"curies":[{"name":"wp","href":"https:\/\/api.w.org\/{rel}","templated":true}]}}