
{"id":120018,"date":"2024-12-22T10:32:15","date_gmt":"2024-12-22T13:32:15","guid":{"rendered":"https:\/\/www.sudoestehoje.com.br\/novoportal\/?p=120018"},"modified":"2024-12-22T10:32:15","modified_gmt":"2024-12-22T13:32:15","slug":"tragedia-casal-e-bebe-de-1-ano-que-morreram-no-desastre-entre-carreta-e-onibus-vinham-passar-natal-na-bahia","status":"publish","type":"post","link":"https:\/\/www.sudoestehoje.com.br\/novoportal\/2024\/12\/22\/tragedia-casal-e-bebe-de-1-ano-que-morreram-no-desastre-entre-carreta-e-onibus-vinham-passar-natal-na-bahia\/","title":{"rendered":"TRAG\u00c9DIA | CASAL E BEB\u00ca DE 1 ANO QUE MORRERAM NO DESASTRE ENTRE CARRETA E \u00d4NIBUS VINHAM PASSAR NATAL NA BAHIA"},"content":{"rendered":"<p><img loading=\"lazy\" decoding=\"async\" class=\"alignnone  wp-image-120020\" src=\"https:\/\/www.sudoestehoje.com.br\/novoportal\/wp-content\/uploads\/2024\/12\/21dez2024-acidente-envolvendo-um-onibus-uma-carreta-e-um-carro-deixou-mais-de-20-mortos-em-teofilo-otoni-mg-1734791082067_v2_900x506.jpg\" alt=\"\" width=\"550\" height=\"309\" \/><\/p>\n<p><strong>Est\u00e3o entre as v\u00edtimas do tr\u00e1gico acidente ocorrido no km 285 da BR-116, no distrito de Lajinha, em Te\u00f3filo Otoni (MG), Josinaldo Pereira,\u00a0 de 30 anos, Bianca de Jesus Ferreira, 27, e a filha do casal, Valentina, de apenas 1 ano e 6 meses. O casal e a crian\u00e7a, que vieram de Mau\u00e1, SP, viajavam para passar as festas de fim de ano com os familiares de Bianca, que residem na regi\u00e3o dos Bois, em Aiquara, e em Ipia\u00fa, na Bahia. A trag\u00e9dia, que envolveu uma carreta, um \u00f4nibus e um carro de passeio, deixou pelo menos 38 mortos.<\/strong><\/p>\n<p><strong>Uma irm\u00e3 de Bianca foi informada de que ela, o esposo e a beb\u00ea poderiam estar no \u00f4nibus envolvido no acidente, o que iniciou a ang\u00fastia da fam\u00edlia em busca de informa\u00e7\u00f5es, confirmadas no in\u00edcio da tarde. Os pais de Bianca j\u00e1 se deslocaram para Belo Horizonte em busca de reconhecimento, a fim de confirmar se o casal e a filha estavam entre os mortos ou feridos.<\/strong><\/p>\n<p><strong>Em entrevista com Edson Baracho Bonfim, primo e vizinho do pai de Bianca, ele revelou que a fam\u00edlia estava cheia de expectativa e alegria para o reencontro com o casal e a pequena Valentina. \u201cAqui estamos todos muito abalados com tudo isso, n\u00e3o parece ser verdade\u201d, comentou Edson.<\/strong><\/p>\n<p><strong>Josinaldo era morador de Mau\u00e1 e sua fam\u00edlia \u00e9 do estado de Pernambuco. O casal viajava no \u00f4nibus da Emtram e, quando chegasse ao ponto de apoio em Jequi\u00e9, desembarcaria para pegar outro \u00f4nibus com destino a Ipia\u00fa, antes de seguir para a zona rural de Aiquara, onde<\/strong> passariam o Natal com os pais de Bianca.<\/p>\n","protected":false},"excerpt":{"rendered":"<p>Est\u00e3o entre as v\u00edtimas do tr\u00e1gico acidente ocorrido no km 285 da BR-116, no distrito de Lajinha, em Te\u00f3filo Otoni (MG), Josinaldo Pereira,\u00a0 de 30 anos, Bianca de Jesus Ferreira, 27, e a filha do casal, Valentina, de apenas 1 ano e 6 meses. O casal e a crian\u00e7a, que vieram de Mau\u00e1, SP, viajavam [&hellip;]<\/p>\n","protected":false},"author":2,"featured_media":120020,"comment_status":"closed","ping_status":"open","sticky":false,"template":"","format":"standard","meta":{"footnotes":"","_links_to":"","_links_to_target":""},"categories":[1],"tags":[],"class_list":["post-120018","post","type-post","status-publish","format-standard","has-post-thumbnail","hentry","category-geral"],"views":1118,"_links":{"self":[{"href":"https:\/\/www.sudoestehoje.com.br\/novoportal\/wp-json\/wp\/v2\/posts\/120018","targetHints":{"allow":["GET"]}}],"collection":[{"href":"https:\/\/www.sudoestehoje.com.br\/novoportal\/wp-json\/wp\/v2\/posts"}],"about":[{"href":"https:\/\/www.sudoestehoje.com.br\/novoportal\/wp-json\/wp\/v2\/types\/post"}],"author":[{"embeddable":true,"href":"https:\/\/www.sudoestehoje.com.br\/novoportal\/wp-json\/wp\/v2\/users\/2"}],"replies":[{"embeddable":true,"href":"https:\/\/www.sudoestehoje.com.br\/novoportal\/wp-json\/wp\/v2\/comments?post=120018"}],"version-history":[{"count":2,"href":"https:\/\/www.sudoestehoje.com.br\/novoportal\/wp-json\/wp\/v2\/posts\/120018\/revisions"}],"predecessor-version":[{"id":120021,"href":"https:\/\/www.sudoestehoje.com.br\/novoportal\/wp-json\/wp\/v2\/posts\/120018\/revisions\/120021"}],"wp:featuredmedia":[{"embeddable":true,"href":"https:\/\/www.sudoestehoje.com.br\/novoportal\/wp-json\/wp\/v2\/media\/120020"}],"wp:attachment":[{"href":"https:\/\/www.sudoestehoje.com.br\/novoportal\/wp-json\/wp\/v2\/media?parent=120018"}],"wp:term":[{"taxonomy":"category","embeddable":true,"href":"https:\/\/www.sudoestehoje.com.br\/novoportal\/wp-json\/wp\/v2\/categories?post=120018"},{"taxonomy":"post_tag","embeddable":true,"href":"https:\/\/www.sudoestehoje.com.br\/novoportal\/wp-json\/wp\/v2\/tags?post=120018"}],"curies":[{"name":"wp","href":"https:\/\/api.w.org\/{rel}","templated":true}]}}