
{"id":120014,"date":"2024-12-22T10:17:12","date_gmt":"2024-12-22T13:17:12","guid":{"rendered":"https:\/\/www.sudoestehoje.com.br\/novoportal\/?p=120014"},"modified":"2024-12-22T10:17:12","modified_gmt":"2024-12-22T13:17:12","slug":"uesb-realiza-selecao-via-reda-para-tecnicos-de-nivel-medio-e-superior","status":"publish","type":"post","link":"https:\/\/www.sudoestehoje.com.br\/novoportal\/2024\/12\/22\/uesb-realiza-selecao-via-reda-para-tecnicos-de-nivel-medio-e-superior\/","title":{"rendered":"UESB REALIZA SELE\u00c7\u00c3O VIA REDA PARA T\u00c9CNICOS DE N\u00cdVEL M\u00c9DIO E SUPERIOR"},"content":{"rendered":"<p><img loading=\"lazy\" decoding=\"async\" class=\"alignnone  wp-image-120015\" src=\"https:\/\/www.sudoestehoje.com.br\/novoportal\/wp-content\/uploads\/2024\/12\/Artigo-Destaque_00288603_00.jpg\" alt=\"\" width=\"550\" height=\"330\" \/><\/p>\n<p><strong>A Universidade Estadual do Sudoeste da Bahia (Uesb) anuncia a realiza\u00e7\u00e3o de processo seletivo simplificado para contrata\u00e7\u00e3o de pessoal sob o Regime Especial de Direito Administrativo (Reda). <\/strong><\/p>\n<p><strong>As inscri\u00e7\u00f5es para a sele\u00e7\u00e3o estar\u00e3o abertas entre os dias 7 e 30 de janeiro, onde ser\u00e3o disponibilizadas 70 vagas, distribu\u00eddas nos campi de Itapetinga, Jequi\u00e9 e Vit\u00f3ria da Conquista, sendo 21 delas reservadas para cotistas raciais.<\/strong><\/p>\n<p><strong>O processo seletivo ser\u00e1 realizado para as fun\u00e7\u00f5es tempor\u00e1rias de t\u00e9cnico de n\u00edvel m\u00e9dio e de t\u00e9cnico de n\u00edvel superior, com carga hor\u00e1ria variada entre 30 e 40 horas semanais. <\/strong><\/p>\n<p><strong>As vagas de n\u00edvel m\u00e9dio s\u00e3o para inform\u00e1tica para manuten\u00e7\u00e3o de computadores, designer, opera\u00e7\u00e3o de servi\u00e7os t\u00e9cnicos de gr\u00e1fica e entre outras. <\/strong><\/p>\n<p><strong>J\u00e1 para as vagas de n\u00edvel superior, a sele\u00e7\u00e3o prev\u00ea as fun\u00e7\u00f5es de home page, publicidade e propaganda, programa\u00e7\u00e3o e edi\u00e7\u00e3o de imagens, cinema e audiovisual, revis\u00e3o de lingu\u00edstica, administra\u00e7\u00e3o de rede, entre outras.\u00a0<\/strong><\/p>\n","protected":false},"excerpt":{"rendered":"<p>A Universidade Estadual do Sudoeste da Bahia (Uesb) anuncia a realiza\u00e7\u00e3o de processo seletivo simplificado para contrata\u00e7\u00e3o de pessoal sob o Regime Especial de Direito Administrativo (Reda). As inscri\u00e7\u00f5es para a sele\u00e7\u00e3o estar\u00e3o abertas entre os dias 7 e 30 de janeiro, onde ser\u00e3o disponibilizadas 70 vagas, distribu\u00eddas nos campi de Itapetinga, Jequi\u00e9 e Vit\u00f3ria [&hellip;]<\/p>\n","protected":false},"author":2,"featured_media":120015,"comment_status":"closed","ping_status":"open","sticky":false,"template":"","format":"standard","meta":{"footnotes":"","_links_to":"","_links_to_target":""},"categories":[1],"tags":[],"class_list":["post-120014","post","type-post","status-publish","format-standard","has-post-thumbnail","hentry","category-geral"],"views":416,"_links":{"self":[{"href":"https:\/\/www.sudoestehoje.com.br\/novoportal\/wp-json\/wp\/v2\/posts\/120014","targetHints":{"allow":["GET"]}}],"collection":[{"href":"https:\/\/www.sudoestehoje.com.br\/novoportal\/wp-json\/wp\/v2\/posts"}],"about":[{"href":"https:\/\/www.sudoestehoje.com.br\/novoportal\/wp-json\/wp\/v2\/types\/post"}],"author":[{"embeddable":true,"href":"https:\/\/www.sudoestehoje.com.br\/novoportal\/wp-json\/wp\/v2\/users\/2"}],"replies":[{"embeddable":true,"href":"https:\/\/www.sudoestehoje.com.br\/novoportal\/wp-json\/wp\/v2\/comments?post=120014"}],"version-history":[{"count":2,"href":"https:\/\/www.sudoestehoje.com.br\/novoportal\/wp-json\/wp\/v2\/posts\/120014\/revisions"}],"predecessor-version":[{"id":120017,"href":"https:\/\/www.sudoestehoje.com.br\/novoportal\/wp-json\/wp\/v2\/posts\/120014\/revisions\/120017"}],"wp:featuredmedia":[{"embeddable":true,"href":"https:\/\/www.sudoestehoje.com.br\/novoportal\/wp-json\/wp\/v2\/media\/120015"}],"wp:attachment":[{"href":"https:\/\/www.sudoestehoje.com.br\/novoportal\/wp-json\/wp\/v2\/media?parent=120014"}],"wp:term":[{"taxonomy":"category","embeddable":true,"href":"https:\/\/www.sudoestehoje.com.br\/novoportal\/wp-json\/wp\/v2\/categories?post=120014"},{"taxonomy":"post_tag","embeddable":true,"href":"https:\/\/www.sudoestehoje.com.br\/novoportal\/wp-json\/wp\/v2\/tags?post=120014"}],"curies":[{"name":"wp","href":"https:\/\/api.w.org\/{rel}","templated":true}]}}