
{"id":120007,"date":"2024-12-22T09:53:21","date_gmt":"2024-12-22T12:53:21","guid":{"rendered":"https:\/\/www.sudoestehoje.com.br\/novoportal\/?p=120007"},"modified":"2024-12-22T10:36:10","modified_gmt":"2024-12-22T13:36:10","slug":"acidente-com-onibus-que-seguia-para-vitoria-da-conquista-deixa-39-mortos-e-feridos-em-minas-gerais","status":"publish","type":"post","link":"https:\/\/www.sudoestehoje.com.br\/novoportal\/2024\/12\/22\/acidente-com-onibus-que-seguia-para-vitoria-da-conquista-deixa-39-mortos-e-feridos-em-minas-gerais\/","title":{"rendered":"ACIDENTE COM \u00d4NIBUS QUE SEGUIA PARA A BAHIA DEIXA 39 MORTOS E FERIDOS EM MINAS GERAIS"},"content":{"rendered":"<p><img loading=\"lazy\" decoding=\"async\" class=\"alignnone wp-image-120010\" src=\"https:\/\/www.sudoestehoje.com.br\/novoportal\/wp-content\/uploads\/2024\/12\/IMG-20241221-WA0119-768x576-1.jpg\" alt=\"\" width=\"551\" height=\"289\" \/><\/p>\n<p><strong>Um acidente envolvendo tr\u00eas ve\u00edculos deixou 29 mortos na madrugada deste s\u00e1bado (21), na altura do KM 285 da BR-116, em Lajinha, munic\u00edpio de Te\u00f3filo Otoni. De acordo com o Corpo de Bombeiros, a colis\u00e3o ocorreu \u00e0s 3h30 e envolveu um \u00f4nibus, uma carreta que transportava uma pedra de granito e um carro.<\/strong><\/p>\n<p><strong>De acordo com a prefeitura, 13 pessoas foram resgatadas e encaminhadas para a UPA da cidade, Hospital Santa Ros\u00e1lia e Hospital Raimundo Gobira.<\/strong><\/p>\n<p><strong>\u201cFelizmente, as v\u00edtimas do Fiat Argo todas foram resgatadas com vida. Todavia, tivemos uma grande quantidade de v\u00edtimas carbonizadas do \u00f4nibus. O Corpo dos Bombeiros retirou 22 corpos do \u00f4nibus e ainda h\u00e1 mais v\u00edtimas a serem retiradas, tendo em vista que \u00e9 necess\u00e1rio o apoio de um guincho para que possamos ter acesso a outra parte do \u00f4nibus que se encontram mais v\u00edtimas\u201d, disse o tentente Alonso Vieira J\u00fanior.<\/strong><\/p>\n<p><strong>Ainda segundo o Corpo de Bombeiros, o pneu do \u00f4nibus estourou e o motorista perdeu o controle da dire\u00e7\u00e3o, batendo contra uma carreta. Um carro que vinha atr\u00e1s tamb\u00e9m colidiu com o \u00f4nibus. Com a colis\u00e3o, o \u00f4nibus pegou fogo. A pol\u00edcia ainda investiga as circunst\u00e2ncias do acidente.<\/strong><\/p>\n<p><strong>O \u00f4nibus da empresa Entram saiu de S\u00e3o Paulo na sexta-feira (20) por volta das 7h e tinha como destino Vit\u00f3ria da Conquista (BA), um trajeto de aproximadamente 1,5 mil km.<\/strong><\/p>\n<p><strong>O agente da Pol\u00edcia Rodovi\u00e1ria Federal, Fabiano Santana classificou o acidente como \u201cuma trag\u00e9dia sem precedentes para a regi\u00e3o\u201d e informou que a maior parte das mortes foi causada pelo inc\u00eandio do \u00f4nibus. \u201cForam v\u00edtimas resgatas para o hospital, pessoas que se queimaram tentando resgatar v\u00edtimas, crian\u00e7as pedindo para resgatar os pais\u201d, relatou Santana.<\/strong><\/p>\n<p><strong>Ainda segundo a PRF, a pista ficou totalmente interditada por aproximadamente 6 horas. O tr\u00e2nsito foi liberado no fim da manh\u00e3 e segue em esquema de \u2018pare e siga\u2019.<\/strong><\/p>\n<p><strong>A Pol\u00edcia Civil de Minas Gerais informou que subiu para 38 mortos contabilizados, 25 est\u00e3o totalmente carbonizados. Segundo a corpora\u00e7\u00e3o, 37 pessoas morreram no local e uma morreu ap\u00f3s socorro m\u00e9dico.<\/strong><\/p>\n<p><strong>De acordo com dados da Pol\u00edcia Rodovi\u00e1ria Federal (PRF), \u00e9 a maior trag\u00e9dia em estradas federais pelo menos desde 2007, in\u00edcio da s\u00e9rie hist\u00f3rica dispon\u00edvel para consulta.\/\/Informa\u00e7\u00f5es do G1.<\/strong><\/p>\n","protected":false},"excerpt":{"rendered":"<p>Um acidente envolvendo tr\u00eas ve\u00edculos deixou 29 mortos na madrugada deste s\u00e1bado (21), na altura do KM 285 da BR-116, em Lajinha, munic\u00edpio de Te\u00f3filo Otoni. De acordo com o Corpo de Bombeiros, a colis\u00e3o ocorreu \u00e0s 3h30 e envolveu um \u00f4nibus, uma carreta que transportava uma pedra de granito e um carro. De acordo [&hellip;]<\/p>\n","protected":false},"author":2,"featured_media":120010,"comment_status":"closed","ping_status":"open","sticky":false,"template":"","format":"standard","meta":{"footnotes":"","_links_to":"","_links_to_target":""},"categories":[1],"tags":[],"class_list":["post-120007","post","type-post","status-publish","format-standard","has-post-thumbnail","hentry","category-geral"],"views":1155,"_links":{"self":[{"href":"https:\/\/www.sudoestehoje.com.br\/novoportal\/wp-json\/wp\/v2\/posts\/120007","targetHints":{"allow":["GET"]}}],"collection":[{"href":"https:\/\/www.sudoestehoje.com.br\/novoportal\/wp-json\/wp\/v2\/posts"}],"about":[{"href":"https:\/\/www.sudoestehoje.com.br\/novoportal\/wp-json\/wp\/v2\/types\/post"}],"author":[{"embeddable":true,"href":"https:\/\/www.sudoestehoje.com.br\/novoportal\/wp-json\/wp\/v2\/users\/2"}],"replies":[{"embeddable":true,"href":"https:\/\/www.sudoestehoje.com.br\/novoportal\/wp-json\/wp\/v2\/comments?post=120007"}],"version-history":[{"count":7,"href":"https:\/\/www.sudoestehoje.com.br\/novoportal\/wp-json\/wp\/v2\/posts\/120007\/revisions"}],"predecessor-version":[{"id":120023,"href":"https:\/\/www.sudoestehoje.com.br\/novoportal\/wp-json\/wp\/v2\/posts\/120007\/revisions\/120023"}],"wp:featuredmedia":[{"embeddable":true,"href":"https:\/\/www.sudoestehoje.com.br\/novoportal\/wp-json\/wp\/v2\/media\/120010"}],"wp:attachment":[{"href":"https:\/\/www.sudoestehoje.com.br\/novoportal\/wp-json\/wp\/v2\/media?parent=120007"}],"wp:term":[{"taxonomy":"category","embeddable":true,"href":"https:\/\/www.sudoestehoje.com.br\/novoportal\/wp-json\/wp\/v2\/categories?post=120007"},{"taxonomy":"post_tag","embeddable":true,"href":"https:\/\/www.sudoestehoje.com.br\/novoportal\/wp-json\/wp\/v2\/tags?post=120007"}],"curies":[{"name":"wp","href":"https:\/\/api.w.org\/{rel}","templated":true}]}}