
{"id":120001,"date":"2024-12-19T11:03:06","date_gmt":"2024-12-19T14:03:06","guid":{"rendered":"https:\/\/www.sudoestehoje.com.br\/novoportal\/?p=120001"},"modified":"2024-12-19T11:03:06","modified_gmt":"2024-12-19T14:03:06","slug":"senado-aprova-projeto-que-restringe-uso-de-celulares-nas-escolas-em-todo-o-pais","status":"publish","type":"post","link":"https:\/\/www.sudoestehoje.com.br\/novoportal\/2024\/12\/19\/senado-aprova-projeto-que-restringe-uso-de-celulares-nas-escolas-em-todo-o-pais\/","title":{"rendered":"SENADO APROVA PROJETO QUE RESTRINGE USO DE CELULARES NAS ESCOLAS EM TODO O PA\u00cdS"},"content":{"rendered":"<p><img loading=\"lazy\" decoding=\"async\" class=\"alignnone  wp-image-120003\" src=\"https:\/\/www.sudoestehoje.com.br\/novoportal\/wp-content\/uploads\/2024\/12\/aluno_usando_celular_debaixo_da_carteira_em_sala_de_aula-39975900.jpg\" alt=\"\" width=\"550\" height=\"366\" \/><\/p>\n<p><strong>O plen\u00e1rio do Senado Federal aprovou, em vota\u00e7\u00e3o simb\u00f3lica, na noite desta quarta-feira (18), o Projeto de Lei 104\/2015, que restringe o uso de aparelhos eletr\u00f4nicos port\u00e1teis, sobretudo de telefones celulares, nas salas de aula dos estabelecimentos p\u00fablicos e privados de ensino infantil e m\u00e9dio de todo o pa\u00eds.<\/strong><\/p>\n<p><strong>O texto j\u00e1 havia sido aprovado pela C\u00e2mara dos Deputados, na semana passada, em vota\u00e7\u00e3o terminativa na Comiss\u00e3o de Constitui\u00e7\u00e3o, Justi\u00e7a e Cidadania (CCJ). Apoiado pelo governo federal e por especialistas, o texto tamb\u00e9m teve r\u00e1pida tramita\u00e7\u00e3o no Senado, indo direto para vota\u00e7\u00e3o em plen\u00e1rio. Com a aprova\u00e7\u00e3o no Congresso, o projeto segue para san\u00e7\u00e3o presidencial e poder\u00e1 valer j\u00e1 para o ano letivo de 2025.<\/strong><\/p>\n<p><strong>Pa\u00edses como Fran\u00e7a, Espanha, Gr\u00e9cia, Dinamarca, It\u00e1lia e Holanda j\u00e1 possuem legisla\u00e7\u00f5es que restringem uso de celular em escolas.<\/strong><\/p>\n<p><strong>De acordo com o relator do PL no Senado, Alessandro Vieira (MDB-SE), a medida n\u00e3o traz puni\u00e7\u00f5es, mas \u201corienta uma pol\u00edtica p\u00fablica educacional\u201d.<\/strong><\/p>\n","protected":false},"excerpt":{"rendered":"<p>O plen\u00e1rio do Senado Federal aprovou, em vota\u00e7\u00e3o simb\u00f3lica, na noite desta quarta-feira (18), o Projeto de Lei 104\/2015, que restringe o uso de aparelhos eletr\u00f4nicos port\u00e1teis, sobretudo de telefones celulares, nas salas de aula dos estabelecimentos p\u00fablicos e privados de ensino infantil e m\u00e9dio de todo o pa\u00eds. O texto j\u00e1 havia sido aprovado [&hellip;]<\/p>\n","protected":false},"author":2,"featured_media":120003,"comment_status":"closed","ping_status":"open","sticky":false,"template":"","format":"standard","meta":{"footnotes":"","_links_to":"","_links_to_target":""},"categories":[1],"tags":[],"class_list":["post-120001","post","type-post","status-publish","format-standard","has-post-thumbnail","hentry","category-geral"],"views":567,"_links":{"self":[{"href":"https:\/\/www.sudoestehoje.com.br\/novoportal\/wp-json\/wp\/v2\/posts\/120001","targetHints":{"allow":["GET"]}}],"collection":[{"href":"https:\/\/www.sudoestehoje.com.br\/novoportal\/wp-json\/wp\/v2\/posts"}],"about":[{"href":"https:\/\/www.sudoestehoje.com.br\/novoportal\/wp-json\/wp\/v2\/types\/post"}],"author":[{"embeddable":true,"href":"https:\/\/www.sudoestehoje.com.br\/novoportal\/wp-json\/wp\/v2\/users\/2"}],"replies":[{"embeddable":true,"href":"https:\/\/www.sudoestehoje.com.br\/novoportal\/wp-json\/wp\/v2\/comments?post=120001"}],"version-history":[{"count":3,"href":"https:\/\/www.sudoestehoje.com.br\/novoportal\/wp-json\/wp\/v2\/posts\/120001\/revisions"}],"predecessor-version":[{"id":120005,"href":"https:\/\/www.sudoestehoje.com.br\/novoportal\/wp-json\/wp\/v2\/posts\/120001\/revisions\/120005"}],"wp:featuredmedia":[{"embeddable":true,"href":"https:\/\/www.sudoestehoje.com.br\/novoportal\/wp-json\/wp\/v2\/media\/120003"}],"wp:attachment":[{"href":"https:\/\/www.sudoestehoje.com.br\/novoportal\/wp-json\/wp\/v2\/media?parent=120001"}],"wp:term":[{"taxonomy":"category","embeddable":true,"href":"https:\/\/www.sudoestehoje.com.br\/novoportal\/wp-json\/wp\/v2\/categories?post=120001"},{"taxonomy":"post_tag","embeddable":true,"href":"https:\/\/www.sudoestehoje.com.br\/novoportal\/wp-json\/wp\/v2\/tags?post=120001"}],"curies":[{"name":"wp","href":"https:\/\/api.w.org\/{rel}","templated":true}]}}