
{"id":119991,"date":"2024-12-19T10:31:15","date_gmt":"2024-12-19T13:31:15","guid":{"rendered":"https:\/\/www.sudoestehoje.com.br\/novoportal\/?p=119991"},"modified":"2024-12-19T10:41:16","modified_gmt":"2024-12-19T13:41:16","slug":"119991","status":"publish","type":"post","link":"https:\/\/www.sudoestehoje.com.br\/novoportal\/2024\/12\/19\/119991\/","title":{"rendered":"URGENTE! AVI\u00c3O DO PRESIDENTE DO RIVER PLATE SAI DA PISTA E DEIXA 2 MORTOS EM BUENOS AIRES"},"content":{"rendered":"<p><img loading=\"lazy\" decoding=\"async\" class=\"alignnone  wp-image-119996\" src=\"https:\/\/www.sudoestehoje.com.br\/novoportal\/wp-content\/uploads\/2024\/12\/Imagem-do-WhatsApp-de-2024-12-19-as-10.37.22_661f218f.jpg\" alt=\"\" width=\"551\" height=\"369\" \/><\/p>\n<p><strong>Um avi\u00e3o particular da fam\u00edlia de Jorge Brito, presidente do clube argentino River Plate, colidiu com tr\u00eas casas na cidade de Buenos Aires na tarde desta quinta-feira (19), resultando na morte do piloto Mart\u00edn Fern\u00e1ndez Loza, de 44 anos, e do copiloto Agust\u00edn Orforte, de 35 anos. O acidente ocorreu por volta das 13h19, quando a aeronave, modelo Bombardier Challenger 300, retornava \u00e0 capital ap\u00f3s decolar pela manh\u00e3 com destino a Punta del Este, no Uruguai.<\/strong><\/p>\n<p><strong>Segundo informa\u00e7\u00f5es preliminares, o avi\u00e3o teria percorrido uma dist\u00e2ncia maior que o esperado na pista, e o piloto pode ter tentado uma nova decolagem para evitar a colis\u00e3o. No entanto, a aeronave caiu, atingindo tr\u00eas resid\u00eancias. O SBT News divulgo que, apesar dos danos \u00e0s fachadas dos im\u00f3veis e de tr\u00eas carros estacionados que pegaram fogo, n\u00e3o houve feridos entre os moradores.<\/strong><\/p>\n<p><strong>Equipes de resgate encontraram os corpos do piloto e do copiloto entre os destro\u00e7os em chamas. Mais de 50 profissionais, incluindo bombeiros, policiais, e membros da Defesa Civil, foram mobilizados para conter as chamas e garantir a seguran\u00e7a do local.<\/strong><\/p>\n<p><strong>As causas do acidente ainda est\u00e3o sendo investigadas pela Pol\u00edcia de Seguran\u00e7a Aeroportu\u00e1ria e outras autoridades competentes.<\/strong><\/p>\n","protected":false},"excerpt":{"rendered":"<p>Um avi\u00e3o particular da fam\u00edlia de Jorge Brito, presidente do clube argentino River Plate, colidiu com tr\u00eas casas na cidade de Buenos Aires na tarde desta quinta-feira (19), resultando na morte do piloto Mart\u00edn Fern\u00e1ndez Loza, de 44 anos, e do copiloto Agust\u00edn Orforte, de 35 anos. O acidente ocorreu por volta das 13h19, quando [&hellip;]<\/p>\n","protected":false},"author":2,"featured_media":119996,"comment_status":"closed","ping_status":"open","sticky":false,"template":"","format":"standard","meta":{"footnotes":"","_links_to":"","_links_to_target":""},"categories":[1],"tags":[],"class_list":["post-119991","post","type-post","status-publish","format-standard","has-post-thumbnail","hentry","category-geral"],"views":755,"_links":{"self":[{"href":"https:\/\/www.sudoestehoje.com.br\/novoportal\/wp-json\/wp\/v2\/posts\/119991","targetHints":{"allow":["GET"]}}],"collection":[{"href":"https:\/\/www.sudoestehoje.com.br\/novoportal\/wp-json\/wp\/v2\/posts"}],"about":[{"href":"https:\/\/www.sudoestehoje.com.br\/novoportal\/wp-json\/wp\/v2\/types\/post"}],"author":[{"embeddable":true,"href":"https:\/\/www.sudoestehoje.com.br\/novoportal\/wp-json\/wp\/v2\/users\/2"}],"replies":[{"embeddable":true,"href":"https:\/\/www.sudoestehoje.com.br\/novoportal\/wp-json\/wp\/v2\/comments?post=119991"}],"version-history":[{"count":4,"href":"https:\/\/www.sudoestehoje.com.br\/novoportal\/wp-json\/wp\/v2\/posts\/119991\/revisions"}],"predecessor-version":[{"id":119997,"href":"https:\/\/www.sudoestehoje.com.br\/novoportal\/wp-json\/wp\/v2\/posts\/119991\/revisions\/119997"}],"wp:featuredmedia":[{"embeddable":true,"href":"https:\/\/www.sudoestehoje.com.br\/novoportal\/wp-json\/wp\/v2\/media\/119996"}],"wp:attachment":[{"href":"https:\/\/www.sudoestehoje.com.br\/novoportal\/wp-json\/wp\/v2\/media?parent=119991"}],"wp:term":[{"taxonomy":"category","embeddable":true,"href":"https:\/\/www.sudoestehoje.com.br\/novoportal\/wp-json\/wp\/v2\/categories?post=119991"},{"taxonomy":"post_tag","embeddable":true,"href":"https:\/\/www.sudoestehoje.com.br\/novoportal\/wp-json\/wp\/v2\/tags?post=119991"}],"curies":[{"name":"wp","href":"https:\/\/api.w.org\/{rel}","templated":true}]}}