
{"id":119987,"date":"2024-12-19T09:53:52","date_gmt":"2024-12-19T12:53:52","guid":{"rendered":"https:\/\/www.sudoestehoje.com.br\/novoportal\/?p=119987"},"modified":"2024-12-19T09:53:52","modified_gmt":"2024-12-19T12:53:52","slug":"vixe-mulher-de-77-anos-leva-coroa-funeraria-para-casa-de-lula-em-sao-paulo","status":"publish","type":"post","link":"https:\/\/www.sudoestehoje.com.br\/novoportal\/2024\/12\/19\/vixe-mulher-de-77-anos-leva-coroa-funeraria-para-casa-de-lula-em-sao-paulo\/","title":{"rendered":"VIXE!!! | MULHER DE 77 ANOS LEVA COROA FUNER\u00c1RIA PARA CASA DE LULA EM S\u00c3O PAULO"},"content":{"rendered":"<p><img loading=\"lazy\" decoding=\"async\" class=\"alignnone  wp-image-119989\" src=\"https:\/\/www.sudoestehoje.com.br\/novoportal\/wp-content\/uploads\/2024\/12\/WhatsApp-Image-2024-12-18-at-20.19.33.jpeg\" alt=\"\" width=\"549\" height=\"309\" \/><\/p>\n<p><strong>Uma mulher de 77 anos foi at\u00e9 a casa do presidente Luiz In\u00e1cio Lula da Silva (PT), em S\u00e3o Paulo, e tentou deixar uma coroa funer\u00e1ria na cal\u00e7ada da resid\u00eancia. O caso aconteceu na tarde desta quarta-feira (18), e, ap\u00f3s ser abordada por agentes da pol\u00edcia federal, a idosa chegou a chamar um dos profissionais de \u201cmacaco\u201d.<\/strong><\/p>\n<p><strong>A mulher teria tentado deixar as flores com a inten\u00e7\u00e3o de fazer uma provoca\u00e7\u00e3o ao quadro de sa\u00fade de Lula, que passa por um per\u00edodo de recupera\u00e7\u00e3o decorrente de uma cirurgia na cabe\u00e7a.<\/strong><\/p>\n<p><strong>No carro utilizado pela idosa, foi poss\u00edvel identificar fotos do ministro Alexandre de Moraes, com montagens pejorativas. Em cada uma das portas da frente, estavam coladas imagens de Moraes com s\u00edmbolos na cabe\u00e7a e atr\u00e1s das grades.<\/strong><\/p>\n<p><strong>Ap\u00f3s a solicita\u00e7\u00e3o de que a idosa deveria acompanhar os profissionais de seguran\u00e7a at\u00e9 a superintend\u00eancia da Pol\u00edcia Federal, a senhora demonstrou insatisfa\u00e7\u00e3o e indigna\u00e7\u00e3o. Quando um dos agentes \u2013 um homem negro \u2013 abordou a mulher, ela deferiu xingamentos racistas, chamando o policial de \u201cmacaco\u201d e se recusando a respeitar as ordens.<\/strong><\/p>\n<p><strong>Depois de alguns minutos, ela entrou no carro da pol\u00edcia federal e foi levada para a superintend\u00eancia. O ve\u00edculo utilizado pela idosa permaneceu no local.<\/strong><\/p>\n<p><strong>A mulher alegou n\u00e3o ser filiada a nenhum partido, mas disse estar representando uma \u201cmovimenta\u00e7\u00e3o da direita\u201d. Ao falar com jornalistas, ela afirmou n\u00e3o ter feito nada de errado, al\u00e9m de contar que uma amiga havia sido presa \u201csem saber o porqu\u00ea\u201d e estava com tornozeleira eletr\u00f4nica desde dezembro \u2013 provavelmente se referindo aos condenados pela tentativa de golpe de 8 de janeiro de 2023.<\/strong><\/p>\n","protected":false},"excerpt":{"rendered":"<p>Uma mulher de 77 anos foi at\u00e9 a casa do presidente Luiz In\u00e1cio Lula da Silva (PT), em S\u00e3o Paulo, e tentou deixar uma coroa funer\u00e1ria na cal\u00e7ada da resid\u00eancia. O caso aconteceu na tarde desta quarta-feira (18), e, ap\u00f3s ser abordada por agentes da pol\u00edcia federal, a idosa chegou a chamar um dos profissionais [&hellip;]<\/p>\n","protected":false},"author":2,"featured_media":119989,"comment_status":"closed","ping_status":"open","sticky":false,"template":"","format":"standard","meta":{"footnotes":"","_links_to":"","_links_to_target":""},"categories":[1],"tags":[],"class_list":["post-119987","post","type-post","status-publish","format-standard","has-post-thumbnail","hentry","category-geral"],"views":1390,"_links":{"self":[{"href":"https:\/\/www.sudoestehoje.com.br\/novoportal\/wp-json\/wp\/v2\/posts\/119987","targetHints":{"allow":["GET"]}}],"collection":[{"href":"https:\/\/www.sudoestehoje.com.br\/novoportal\/wp-json\/wp\/v2\/posts"}],"about":[{"href":"https:\/\/www.sudoestehoje.com.br\/novoportal\/wp-json\/wp\/v2\/types\/post"}],"author":[{"embeddable":true,"href":"https:\/\/www.sudoestehoje.com.br\/novoportal\/wp-json\/wp\/v2\/users\/2"}],"replies":[{"embeddable":true,"href":"https:\/\/www.sudoestehoje.com.br\/novoportal\/wp-json\/wp\/v2\/comments?post=119987"}],"version-history":[{"count":2,"href":"https:\/\/www.sudoestehoje.com.br\/novoportal\/wp-json\/wp\/v2\/posts\/119987\/revisions"}],"predecessor-version":[{"id":119990,"href":"https:\/\/www.sudoestehoje.com.br\/novoportal\/wp-json\/wp\/v2\/posts\/119987\/revisions\/119990"}],"wp:featuredmedia":[{"embeddable":true,"href":"https:\/\/www.sudoestehoje.com.br\/novoportal\/wp-json\/wp\/v2\/media\/119989"}],"wp:attachment":[{"href":"https:\/\/www.sudoestehoje.com.br\/novoportal\/wp-json\/wp\/v2\/media?parent=119987"}],"wp:term":[{"taxonomy":"category","embeddable":true,"href":"https:\/\/www.sudoestehoje.com.br\/novoportal\/wp-json\/wp\/v2\/categories?post=119987"},{"taxonomy":"post_tag","embeddable":true,"href":"https:\/\/www.sudoestehoje.com.br\/novoportal\/wp-json\/wp\/v2\/tags?post=119987"}],"curies":[{"name":"wp","href":"https:\/\/api.w.org\/{rel}","templated":true}]}}