
{"id":119977,"date":"2024-12-19T08:42:49","date_gmt":"2024-12-19T11:42:49","guid":{"rendered":"https:\/\/www.sudoestehoje.com.br\/novoportal\/?p=119977"},"modified":"2024-12-19T08:42:49","modified_gmt":"2024-12-19T11:42:49","slug":"itororo-dr-adauto-joao-brito-e-vereadores-eleitos-sao-diplomados-pela-justica-eleitoral","status":"publish","type":"post","link":"https:\/\/www.sudoestehoje.com.br\/novoportal\/2024\/12\/19\/itororo-dr-adauto-joao-brito-e-vereadores-eleitos-sao-diplomados-pela-justica-eleitoral\/","title":{"rendered":"ITOROR\u00d3 | DR. ADAUTO, JO\u00c3O BRITO E VEREADORES ELEITOS S\u00c3O DIPLOMADOS PELA  JUSTI\u00c7A ELEITORAL"},"content":{"rendered":"<p><img loading=\"lazy\" decoding=\"async\" class=\"alignnone  wp-image-119979\" src=\"https:\/\/www.sudoestehoje.com.br\/novoportal\/wp-content\/uploads\/2024\/12\/images.jpeg\" alt=\"\" width=\"551\" height=\"551\" \/><\/p>\n<p><strong>No in\u00edcio da manh\u00e3 desta quarta-feira, 18, o prefeito eleito de Itoror\u00f3, Dr. Adauto Almeida do (AVANTE), o vice-prefeito Jo\u00e3o Brito (PSDB) e os vereadores eleitos da cidade foram oficialmente diplomados durante uma solenidade presidida pela 137\u00aa Zona Eleitoral de Itoror\u00f3. O evento ocorreu no F\u00f3rum Durval Fraga, no Centro da cidade.<\/strong><\/p>\n<p><strong>Al\u00e9m do prefeito e do vice, ao todo, 11 vereadores e 3 suplentes receberam seus diplomas. A cerim\u00f4nia foi conduzida pelo juiz eleitoral Dr. Rojas Sanches Junqueira.<\/strong><\/p>\n<p><strong>Os vereadores diplomados foram: Jucy do Social (AVANTE), Valfrido Miranda (PSD), Andrea Figueiredo (AVANTE), C\u00f3 (PSD), Vad\u00e3o (MDB), Junio Cigano (AVANTE), Junior Abdias (PSDB), Dr Gustavo (PSB), Professor Clecione (UNI\u00c3O), Alfredo Ruy (PT) e Val Sena (PSDB).<\/strong><\/p>\n<p><strong>Os diplomas foram entregues inicialmente aos vereadores e depois ao prefeito e vice-prefeito. A vereadora mais bem votada do munic\u00edpio com 655 votos, Jucy do Social, fez seu discurso e agradecimento.<\/strong><\/p>\n<p><strong>O discurso emocionado de Dr. Adauto fechou a solenidade com aplausos de toda a comunidade itororoense. \/\/<\/strong><strong>\u00a0Itoror\u00f3 J\u00e1<\/strong><\/p>\n","protected":false},"excerpt":{"rendered":"<p>No in\u00edcio da manh\u00e3 desta quarta-feira, 18, o prefeito eleito de Itoror\u00f3, Dr. Adauto Almeida do (AVANTE), o vice-prefeito Jo\u00e3o Brito (PSDB) e os vereadores eleitos da cidade foram oficialmente diplomados durante uma solenidade presidida pela 137\u00aa Zona Eleitoral de Itoror\u00f3. O evento ocorreu no F\u00f3rum Durval Fraga, no Centro da cidade. Al\u00e9m do prefeito [&hellip;]<\/p>\n","protected":false},"author":2,"featured_media":119979,"comment_status":"closed","ping_status":"open","sticky":false,"template":"","format":"standard","meta":{"footnotes":"","_links_to":"","_links_to_target":""},"categories":[1],"tags":[],"class_list":["post-119977","post","type-post","status-publish","format-standard","has-post-thumbnail","hentry","category-geral"],"views":458,"_links":{"self":[{"href":"https:\/\/www.sudoestehoje.com.br\/novoportal\/wp-json\/wp\/v2\/posts\/119977","targetHints":{"allow":["GET"]}}],"collection":[{"href":"https:\/\/www.sudoestehoje.com.br\/novoportal\/wp-json\/wp\/v2\/posts"}],"about":[{"href":"https:\/\/www.sudoestehoje.com.br\/novoportal\/wp-json\/wp\/v2\/types\/post"}],"author":[{"embeddable":true,"href":"https:\/\/www.sudoestehoje.com.br\/novoportal\/wp-json\/wp\/v2\/users\/2"}],"replies":[{"embeddable":true,"href":"https:\/\/www.sudoestehoje.com.br\/novoportal\/wp-json\/wp\/v2\/comments?post=119977"}],"version-history":[{"count":3,"href":"https:\/\/www.sudoestehoje.com.br\/novoportal\/wp-json\/wp\/v2\/posts\/119977\/revisions"}],"predecessor-version":[{"id":119981,"href":"https:\/\/www.sudoestehoje.com.br\/novoportal\/wp-json\/wp\/v2\/posts\/119977\/revisions\/119981"}],"wp:featuredmedia":[{"embeddable":true,"href":"https:\/\/www.sudoestehoje.com.br\/novoportal\/wp-json\/wp\/v2\/media\/119979"}],"wp:attachment":[{"href":"https:\/\/www.sudoestehoje.com.br\/novoportal\/wp-json\/wp\/v2\/media?parent=119977"}],"wp:term":[{"taxonomy":"category","embeddable":true,"href":"https:\/\/www.sudoestehoje.com.br\/novoportal\/wp-json\/wp\/v2\/categories?post=119977"},{"taxonomy":"post_tag","embeddable":true,"href":"https:\/\/www.sudoestehoje.com.br\/novoportal\/wp-json\/wp\/v2\/tags?post=119977"}],"curies":[{"name":"wp","href":"https:\/\/api.w.org\/{rel}","templated":true}]}}