
{"id":119949,"date":"2024-12-17T08:55:02","date_gmt":"2024-12-17T11:55:02","guid":{"rendered":"https:\/\/www.sudoestehoje.com.br\/novoportal\/?p=119949"},"modified":"2024-12-17T08:55:02","modified_gmt":"2024-12-17T11:55:02","slug":"quentinhas-confira-os-nomes-cotados-para-presidir-a-camara-de-vereadores-2","status":"publish","type":"post","link":"https:\/\/www.sudoestehoje.com.br\/novoportal\/2024\/12\/17\/quentinhas-confira-os-nomes-cotados-para-presidir-a-camara-de-vereadores-2\/","title":{"rendered":"QUENTINHAS | CONFIRA OS NOMES  COTADOS PARA PRESIDIR A C\u00c2MARA DE VEREADORES"},"content":{"rendered":"<p><img loading=\"lazy\" decoding=\"async\" class=\"alignnone size-full wp-image-119950\" src=\"https:\/\/www.sudoestehoje.com.br\/novoportal\/wp-content\/uploads\/2024\/12\/b087fbc9-7971-44c9-b854-e0a5545b1623-1.jpg\" alt=\"\" width=\"539\" height=\"338\" \/><\/p>\n<p><strong>NOMES DA SITUA\u00c7\u00c3O<\/strong><\/p>\n<p><strong>Os nomes cogitados para disputar a presid\u00eancia da C\u00e2mara de Vereadores de Itapetinga, at\u00e9 o momento, s\u00e3o da situa\u00e7\u00e3o, mas um nome da oposi\u00e7\u00e3o pode entrar na jogada, caso n\u00e3o haja consenso no grupo agora liderado pelo prefeito eleito Eduardo Hagge. Est\u00e3o na disputa, Luciano Almeida, Tarug\u00e3o, Valquir\u00e3o e Manu Brand\u00e3o, por enquanto.<\/strong><\/p>\n<p><strong>VALE TUDO<\/strong><\/p>\n<p><strong>As elei\u00e7\u00f5es para a mesa da c\u00e2mara de vereadores sempre desafiam a l\u00f3gica pol\u00edtica e partid\u00e1ria, prevalecendo outros interesses, nem sempre &#8216;republicanos&#8217;, por assim dizer. O or\u00e7amento da c\u00e2mara \u00e9 milion\u00e1rio e sempre sobra dinheiro para o presidente e seus aliados fazerem o que bem quiserem. Por isto, acordos de toda a esp\u00e9cie rolam nas composi\u00e7\u00f5es para eleger presidente. Eduardo n\u00e3o gosta disto e deve conduzir o processo de forma isenta, apenas na esfera pol\u00edtica&#8230;<\/strong><\/p>\n<p><strong>OPOSI\u00c7\u00c3O QUER CONVERSA<\/strong><\/p>\n<p><strong>Em uma reuni\u00e3o com alguns vereadores da oposi\u00e7\u00e3o (Tiquinho, Sibele e Daniel), Eduardo parece ter recebido apoio para conduzir o processo de forma tranquila, mas \u00e9 bom ficar de olho bem aberto, porque nessa turma tem &#8216;menino&#8217; que n\u00e3o brinca em servi\u00e7o e sempre pede algo bem al\u00e9m do &#8216;normal&#8217;. Deu pra entender? Mas deixa rolar&#8230;<\/strong><\/p>\n<p><strong>OR\u00c7AMENTO MILION\u00c1RIO<\/strong><\/p>\n<p><strong>Na atual gest\u00e3o, vereadores tem recebido, al\u00e9m dos subs\u00eddios, alguma vantagens de &#8216;dar \u00e1gua na boca&#8217;, mas tem gente, n\u00e3o todos, que sempre quer mais a defende a gastan\u00e7a desenfreada em benef\u00edcio dos pr\u00f3prios vereadores. Di\u00e1rias desnecess\u00e1rias e outros benef\u00edcios como cota de gasolina etc, obras de fachada e contratos superfaturados, irrigam os bolsos de quem estiver no comando, muitos com caras de sonsos e pinta de honestos. S\u00e3o os piores, mas \u00e9 assim que a banda toca&#8230;<\/strong><\/p>\n<p><strong>EDUARDO LIGADO&#8230;<\/strong><\/p>\n<p><strong>Novo no ramos mas experiente e preparado, Eduardo sabe disto tudo e est\u00e1 atento para n\u00e3o permitir que o processo de elei\u00e7\u00e3o da c\u00e2mara desvirtue, com aconteceu 2 anos atr\u00e1s, com a negociata e a trairagem &#8216;comendo no birro 80&#8217;. Isso desmoraliza os vereadores e coloca a classe pol\u00edtica e a gest\u00e3o do prefeito em cheque, diante da popula\u00e7\u00e3o. J\u00e1 \u00e9 hora de dar um freio nisso. Negocia\u00e7\u00e3o pol\u00edtica sim, negociata n\u00e3o!<\/strong><\/p>\n","protected":false},"excerpt":{"rendered":"<p>NOMES DA SITUA\u00c7\u00c3O Os nomes cogitados para disputar a presid\u00eancia da C\u00e2mara de Vereadores de Itapetinga, at\u00e9 o momento, s\u00e3o da situa\u00e7\u00e3o, mas um nome da oposi\u00e7\u00e3o pode entrar na jogada, caso n\u00e3o haja consenso no grupo agora liderado pelo prefeito eleito Eduardo Hagge. Est\u00e3o na disputa, Luciano Almeida, Tarug\u00e3o, Valquir\u00e3o e Manu Brand\u00e3o, por [&hellip;]<\/p>\n","protected":false},"author":2,"featured_media":119950,"comment_status":"closed","ping_status":"open","sticky":false,"template":"","format":"standard","meta":{"footnotes":"","_links_to":"","_links_to_target":""},"categories":[1],"tags":[],"class_list":["post-119949","post","type-post","status-publish","format-standard","has-post-thumbnail","hentry","category-geral"],"views":1044,"_links":{"self":[{"href":"https:\/\/www.sudoestehoje.com.br\/novoportal\/wp-json\/wp\/v2\/posts\/119949","targetHints":{"allow":["GET"]}}],"collection":[{"href":"https:\/\/www.sudoestehoje.com.br\/novoportal\/wp-json\/wp\/v2\/posts"}],"about":[{"href":"https:\/\/www.sudoestehoje.com.br\/novoportal\/wp-json\/wp\/v2\/types\/post"}],"author":[{"embeddable":true,"href":"https:\/\/www.sudoestehoje.com.br\/novoportal\/wp-json\/wp\/v2\/users\/2"}],"replies":[{"embeddable":true,"href":"https:\/\/www.sudoestehoje.com.br\/novoportal\/wp-json\/wp\/v2\/comments?post=119949"}],"version-history":[{"count":1,"href":"https:\/\/www.sudoestehoje.com.br\/novoportal\/wp-json\/wp\/v2\/posts\/119949\/revisions"}],"predecessor-version":[{"id":119951,"href":"https:\/\/www.sudoestehoje.com.br\/novoportal\/wp-json\/wp\/v2\/posts\/119949\/revisions\/119951"}],"wp:featuredmedia":[{"embeddable":true,"href":"https:\/\/www.sudoestehoje.com.br\/novoportal\/wp-json\/wp\/v2\/media\/119950"}],"wp:attachment":[{"href":"https:\/\/www.sudoestehoje.com.br\/novoportal\/wp-json\/wp\/v2\/media?parent=119949"}],"wp:term":[{"taxonomy":"category","embeddable":true,"href":"https:\/\/www.sudoestehoje.com.br\/novoportal\/wp-json\/wp\/v2\/categories?post=119949"},{"taxonomy":"post_tag","embeddable":true,"href":"https:\/\/www.sudoestehoje.com.br\/novoportal\/wp-json\/wp\/v2\/tags?post=119949"}],"curies":[{"name":"wp","href":"https:\/\/api.w.org\/{rel}","templated":true}]}}