
{"id":119941,"date":"2024-12-17T07:00:13","date_gmt":"2024-12-17T10:00:13","guid":{"rendered":"https:\/\/www.sudoestehoje.com.br\/novoportal\/?p=119941"},"modified":"2024-12-17T07:02:22","modified_gmt":"2024-12-17T10:02:22","slug":"ronaldo-fenomeno-confirma-pre-candidatura-a-presidencia-da-cbf","status":"publish","type":"post","link":"https:\/\/www.sudoestehoje.com.br\/novoportal\/2024\/12\/17\/ronaldo-fenomeno-confirma-pre-candidatura-a-presidencia-da-cbf\/","title":{"rendered":"RONALDO FEN\u00d4MENO CONFIRMA PR\u00c9-CANDIDATURA \u00c0 PRESID\u00caNCIA DA CBF"},"content":{"rendered":"<p><img loading=\"lazy\" decoding=\"async\" class=\"alignnone wp-image-119942\" src=\"https:\/\/www.sudoestehoje.com.br\/novoportal\/wp-content\/uploads\/2024\/12\/Ronaldo-Fenomeno.jpeg\" alt=\"\" width=\"551\" height=\"335\" \/><\/p>\n<p><strong>O ex-jogador Ronaldo Fen\u00f4meno\u00a0anunciou nesta segunda-feira (16) sua candidatura ao cargo de\u00a0 presidente da\u00a0CBF\u00a0(Confedera\u00e7\u00e3o Brasileira de Futebol).\u00a0<\/strong><\/p>\n<p><strong>\u201cEsse an\u00fancio \u00e9 justamente para isso, para mandar uma mensagem aos presidentes de federa\u00e7\u00f5es de clubes de que eu sou um candidato \u00e0 presid\u00eancia da CBF, tenho planos incr\u00edveis, e antes de que qualquer um se comprometa com seu voto, eu gostaria de ter uma conversa pessoal com cada um. Vou rodar o Brasil para sentir isso de cada um\u201d, disse o Fen\u00f4meno.<\/strong><\/p>\n<p><strong>Ronaldo \u00e9 pentacampe\u00e3o mundial e ex-dono do Cruzeiro.\u00a0 A elei\u00e7\u00e3o para a presid\u00eancia da CBF ainda n\u00e3o tem data confirmada, mas ir\u00e1 acontecer em mar\u00e7o ou abril de 2025.<\/strong><\/p>\n","protected":false},"excerpt":{"rendered":"<p>O ex-jogador Ronaldo Fen\u00f4meno\u00a0anunciou nesta segunda-feira (16) sua candidatura ao cargo de\u00a0 presidente da\u00a0CBF\u00a0(Confedera\u00e7\u00e3o Brasileira de Futebol).\u00a0 \u201cEsse an\u00fancio \u00e9 justamente para isso, para mandar uma mensagem aos presidentes de federa\u00e7\u00f5es de clubes de que eu sou um candidato \u00e0 presid\u00eancia da CBF, tenho planos incr\u00edveis, e antes de que qualquer um se comprometa com [&hellip;]<\/p>\n","protected":false},"author":2,"featured_media":119942,"comment_status":"closed","ping_status":"open","sticky":false,"template":"","format":"standard","meta":{"footnotes":"","_links_to":"","_links_to_target":""},"categories":[1],"tags":[],"class_list":["post-119941","post","type-post","status-publish","format-standard","has-post-thumbnail","hentry","category-geral"],"views":582,"_links":{"self":[{"href":"https:\/\/www.sudoestehoje.com.br\/novoportal\/wp-json\/wp\/v2\/posts\/119941","targetHints":{"allow":["GET"]}}],"collection":[{"href":"https:\/\/www.sudoestehoje.com.br\/novoportal\/wp-json\/wp\/v2\/posts"}],"about":[{"href":"https:\/\/www.sudoestehoje.com.br\/novoportal\/wp-json\/wp\/v2\/types\/post"}],"author":[{"embeddable":true,"href":"https:\/\/www.sudoestehoje.com.br\/novoportal\/wp-json\/wp\/v2\/users\/2"}],"replies":[{"embeddable":true,"href":"https:\/\/www.sudoestehoje.com.br\/novoportal\/wp-json\/wp\/v2\/comments?post=119941"}],"version-history":[{"count":1,"href":"https:\/\/www.sudoestehoje.com.br\/novoportal\/wp-json\/wp\/v2\/posts\/119941\/revisions"}],"predecessor-version":[{"id":119943,"href":"https:\/\/www.sudoestehoje.com.br\/novoportal\/wp-json\/wp\/v2\/posts\/119941\/revisions\/119943"}],"wp:featuredmedia":[{"embeddable":true,"href":"https:\/\/www.sudoestehoje.com.br\/novoportal\/wp-json\/wp\/v2\/media\/119942"}],"wp:attachment":[{"href":"https:\/\/www.sudoestehoje.com.br\/novoportal\/wp-json\/wp\/v2\/media?parent=119941"}],"wp:term":[{"taxonomy":"category","embeddable":true,"href":"https:\/\/www.sudoestehoje.com.br\/novoportal\/wp-json\/wp\/v2\/categories?post=119941"},{"taxonomy":"post_tag","embeddable":true,"href":"https:\/\/www.sudoestehoje.com.br\/novoportal\/wp-json\/wp\/v2\/tags?post=119941"}],"curies":[{"name":"wp","href":"https:\/\/api.w.org\/{rel}","templated":true}]}}