
{"id":119936,"date":"2024-12-15T23:52:13","date_gmt":"2024-12-16T02:52:13","guid":{"rendered":"https:\/\/www.sudoestehoje.com.br\/novoportal\/?p=119936"},"modified":"2024-12-15T23:52:13","modified_gmt":"2024-12-16T02:52:13","slug":"itapetinga-eduardo-hagge-anunciara-secretariado-na-proxima-terca-feira","status":"publish","type":"post","link":"https:\/\/www.sudoestehoje.com.br\/novoportal\/2024\/12\/15\/itapetinga-eduardo-hagge-anunciara-secretariado-na-proxima-terca-feira\/","title":{"rendered":"ITAPETINGA | EDUARDO HAGGE ANUNCIAR\u00c1 SECRETARIADO NA PR\u00d3XIMA TER\u00c7A-FEIRA"},"content":{"rendered":"<p><img loading=\"lazy\" decoding=\"async\" class=\"alignnone  wp-image-119938\" src=\"https:\/\/www.sudoestehoje.com.br\/novoportal\/wp-content\/uploads\/2024\/12\/Imagem-do-WhatsApp-de-2024-12-15-as-23.47.51_e6b0c656.jpg\" alt=\"\" width=\"551\" height=\"465\" \/><\/p>\n<p><strong>Na pr\u00f3xima ter\u00e7a-feira (17), o prefeito eleito de Itapetinga, Eduardo Hagge, anunciar\u00e1 o seu novo secretariado, em entrevista coletiva \u00e0 imprensa, no audit\u00f3rio da C\u00e2mara Municipal.<\/strong><\/p>\n<p><strong>Alguns nomes, como Sisinio Galv\u00e3o, Geraldo Trindade e Alecio Chaves, j\u00e1 haviam sido anunciados pelo Sudoeste Hoje, em reportagem especial, no in\u00edcio deste m\u00eas de dezembro.\u00a0<\/strong><\/p>\n<p><strong>Na coletiva de ter\u00e7a, os demais secret\u00e1rios do novo governo municipal ser\u00e3o do conhecimento p\u00fablico e tomar\u00e3o posse em 1\u00ba de janeiro, juntamente com Eduardo e Al\u00e9cio.<\/strong><\/p>\n<p><strong>Por Davi Ferraz<\/strong><\/p>\n","protected":false},"excerpt":{"rendered":"<p>Na pr\u00f3xima ter\u00e7a-feira (17), o prefeito eleito de Itapetinga, Eduardo Hagge, anunciar\u00e1 o seu novo secretariado, em entrevista coletiva \u00e0 imprensa, no audit\u00f3rio da C\u00e2mara Municipal. Alguns nomes, como Sisinio Galv\u00e3o, Geraldo Trindade e Alecio Chaves, j\u00e1 haviam sido anunciados pelo Sudoeste Hoje, em reportagem especial, no in\u00edcio deste m\u00eas de dezembro.\u00a0 Na coletiva de [&hellip;]<\/p>\n","protected":false},"author":2,"featured_media":119938,"comment_status":"closed","ping_status":"open","sticky":false,"template":"","format":"standard","meta":{"footnotes":"","_links_to":"","_links_to_target":""},"categories":[1],"tags":[],"class_list":["post-119936","post","type-post","status-publish","format-standard","has-post-thumbnail","hentry","category-geral"],"views":843,"_links":{"self":[{"href":"https:\/\/www.sudoestehoje.com.br\/novoportal\/wp-json\/wp\/v2\/posts\/119936","targetHints":{"allow":["GET"]}}],"collection":[{"href":"https:\/\/www.sudoestehoje.com.br\/novoportal\/wp-json\/wp\/v2\/posts"}],"about":[{"href":"https:\/\/www.sudoestehoje.com.br\/novoportal\/wp-json\/wp\/v2\/types\/post"}],"author":[{"embeddable":true,"href":"https:\/\/www.sudoestehoje.com.br\/novoportal\/wp-json\/wp\/v2\/users\/2"}],"replies":[{"embeddable":true,"href":"https:\/\/www.sudoestehoje.com.br\/novoportal\/wp-json\/wp\/v2\/comments?post=119936"}],"version-history":[{"count":2,"href":"https:\/\/www.sudoestehoje.com.br\/novoportal\/wp-json\/wp\/v2\/posts\/119936\/revisions"}],"predecessor-version":[{"id":119940,"href":"https:\/\/www.sudoestehoje.com.br\/novoportal\/wp-json\/wp\/v2\/posts\/119936\/revisions\/119940"}],"wp:featuredmedia":[{"embeddable":true,"href":"https:\/\/www.sudoestehoje.com.br\/novoportal\/wp-json\/wp\/v2\/media\/119938"}],"wp:attachment":[{"href":"https:\/\/www.sudoestehoje.com.br\/novoportal\/wp-json\/wp\/v2\/media?parent=119936"}],"wp:term":[{"taxonomy":"category","embeddable":true,"href":"https:\/\/www.sudoestehoje.com.br\/novoportal\/wp-json\/wp\/v2\/categories?post=119936"},{"taxonomy":"post_tag","embeddable":true,"href":"https:\/\/www.sudoestehoje.com.br\/novoportal\/wp-json\/wp\/v2\/tags?post=119936"}],"curies":[{"name":"wp","href":"https:\/\/api.w.org\/{rel}","templated":true}]}}