
{"id":119930,"date":"2024-12-14T21:03:23","date_gmt":"2024-12-15T00:03:23","guid":{"rendered":"https:\/\/www.sudoestehoje.com.br\/novoportal\/?p=119930"},"modified":"2024-12-14T21:03:23","modified_gmt":"2024-12-15T00:03:23","slug":"brasil-prisao-do-ex-ministro-braga-neto-e-mantida-apos-audiencia-de-custodia","status":"publish","type":"post","link":"https:\/\/www.sudoestehoje.com.br\/novoportal\/2024\/12\/14\/brasil-prisao-do-ex-ministro-braga-neto-e-mantida-apos-audiencia-de-custodia\/","title":{"rendered":"BRASIL | PRIS\u00c3O DO EX-MINISTRO BRAGA NETO \u00c9 MANTIDA AP\u00d3S AUDI\u00caNCIA DE CUST\u00d3DIA"},"content":{"rendered":"<p><img loading=\"lazy\" decoding=\"async\" class=\"alignnone  wp-image-119931\" src=\"https:\/\/www.sudoestehoje.com.br\/novoportal\/wp-content\/uploads\/2024\/12\/braga-neto.jpg\" alt=\"\" width=\"550\" height=\"292\" \/><\/p>\n<p><strong>O general e ex-ministro Walter Braga Netto passou por audi\u00eancia de cust\u00f3dia neste s\u00e1bado (14), conduzida por um juiz auxiliar do gabinete de Alexandre de Moraes, ministro do Supremo Tribunal Federal (STF) que autorizou a pris\u00e3o de Braga Netto.<\/strong><\/p>\n<p><strong>A pris\u00e3o preventiva de Braga Netto foi mantida, informou o STF. Ele ficar\u00e1 detido no Comando Militar do Leste, no Rio de Janeiro.<\/strong><\/p>\n<p><strong>Braga Netto foi preso pela Pol\u00edcia Federal, pois estaria obstruindo a investiga\u00e7\u00e3o sobre a tentativa de golpe de Estado no pa\u00eds para impedir a posse de Luiz In\u00e1cio Lula da Silva.<\/strong><\/p>\n<p><strong>A Pol\u00edcia Federal identificou que o general, indiciado por ser um dos principais articuladores do plano golpista, tentou obter dados sigilosos da dela\u00e7\u00e3o de Mauro Cid, ex-ajudante de ordens do ex-presidente Jair Bolsonaro, como forma de \u201cimpedir ou embara\u00e7ar as investiga\u00e7\u00f5es em curso\u201d, conforme decis\u00e3o de Moraes que embasou a pris\u00e3o.<\/strong><\/p>\n<p><strong>De acordo com o relat\u00f3rio da Pol\u00edcia Federal, h\u00e1 \u201cdiversos elementos de prova\u201d contra Braga Netto, que teria atuado para impedir a total elucida\u00e7\u00e3o dos fatos e \u201ccom o objetivo de controlar as informa\u00e7\u00f5es fornecidas, alterar a realidade dos fatos apurados, al\u00e9m de consolidar o alinhamento de vers\u00f5es entre os investigados\u201d. Entre eles, trocas de mensagens com pai de Mauro Cid para conseguir detalhes da dela\u00e7\u00e3o e repassado dinheiro \u201cem uma sacola de vinho, que serviria para o financiamento das despesas necess\u00e1rias \u00e0 realiza\u00e7\u00e3o\u201d do plano de golpe.<\/strong><\/p>\n<p><strong>General da reserva, Braga Netto foi candidato \u00e0 vice-presidente em 2022 na chapa com Jair Bolsonaro. Antes, foi ministro-chefe da Casa Civil, de 2020 a 2021, e ministro da Defesa, de 2021 a 2022. No indiciamento, a Pol\u00edcia Federal apurou que uma das reuni\u00f5es realizadas para tratar de suposto plano golpista teria sido realizada na casa do militar em novembro de 2022.<\/strong><\/p>\n<p><strong>Pris\u00e3o<\/strong><\/p>\n<p><strong>A Pol\u00edcia Federal prendeu, na manh\u00e3 deste s\u00e1bado (14), o ex-ministro da Defesa e general Walter Braga Netto. Ele foi preso no Rio de Janeiro. A PF realizou buscas na casa do general, em Copacabana.<\/strong><\/p>\n<p><strong>Os agentes cumpriram ainda mandado de busca e apreens\u00e3o na resid\u00eancia do coronel Fl\u00e1vio Peregrino, assessor direto de Braga Netto, em Bras\u00edlia.<\/strong><\/p>\n<p><strong>Em relat\u00f3rio enviado ao STF, no m\u00eas passado, a Pol\u00edcia Federal apontou que Braga Netto teve participa\u00e7\u00e3o concreta nos atos relacionados \u00e0 tentativa de golpe de Estado e da aboli\u00e7\u00e3o do Estado Democr\u00e1tico de Direito, inclusive na tentativa de obstru\u00e7\u00e3o da investiga\u00e7\u00e3o.<\/strong><\/p>\n<p><strong>Defesa<\/strong><\/p>\n<p><strong>A defesa do general Walter Braga Netto divulgou uma nota, na tarde deste s\u00e1bado (14), em que nega obstru\u00e7\u00e3o nas investiga\u00e7\u00f5es e que ir\u00e1 se manifestar no processo.<\/strong><\/p>\n<p><strong>Com informa\u00e7\u00f5es da\u00a0<em>Ag\u00eancia Brasil<\/em>.<\/strong><\/p>\n","protected":false},"excerpt":{"rendered":"<p>O general e ex-ministro Walter Braga Netto passou por audi\u00eancia de cust\u00f3dia neste s\u00e1bado (14), conduzida por um juiz auxiliar do gabinete de Alexandre de Moraes, ministro do Supremo Tribunal Federal (STF) que autorizou a pris\u00e3o de Braga Netto. A pris\u00e3o preventiva de Braga Netto foi mantida, informou o STF. Ele ficar\u00e1 detido no Comando [&hellip;]<\/p>\n","protected":false},"author":2,"featured_media":119931,"comment_status":"closed","ping_status":"open","sticky":false,"template":"","format":"standard","meta":{"footnotes":"","_links_to":"","_links_to_target":""},"categories":[1],"tags":[],"class_list":["post-119930","post","type-post","status-publish","format-standard","has-post-thumbnail","hentry","category-geral"],"views":784,"_links":{"self":[{"href":"https:\/\/www.sudoestehoje.com.br\/novoportal\/wp-json\/wp\/v2\/posts\/119930","targetHints":{"allow":["GET"]}}],"collection":[{"href":"https:\/\/www.sudoestehoje.com.br\/novoportal\/wp-json\/wp\/v2\/posts"}],"about":[{"href":"https:\/\/www.sudoestehoje.com.br\/novoportal\/wp-json\/wp\/v2\/types\/post"}],"author":[{"embeddable":true,"href":"https:\/\/www.sudoestehoje.com.br\/novoportal\/wp-json\/wp\/v2\/users\/2"}],"replies":[{"embeddable":true,"href":"https:\/\/www.sudoestehoje.com.br\/novoportal\/wp-json\/wp\/v2\/comments?post=119930"}],"version-history":[{"count":1,"href":"https:\/\/www.sudoestehoje.com.br\/novoportal\/wp-json\/wp\/v2\/posts\/119930\/revisions"}],"predecessor-version":[{"id":119932,"href":"https:\/\/www.sudoestehoje.com.br\/novoportal\/wp-json\/wp\/v2\/posts\/119930\/revisions\/119932"}],"wp:featuredmedia":[{"embeddable":true,"href":"https:\/\/www.sudoestehoje.com.br\/novoportal\/wp-json\/wp\/v2\/media\/119931"}],"wp:attachment":[{"href":"https:\/\/www.sudoestehoje.com.br\/novoportal\/wp-json\/wp\/v2\/media?parent=119930"}],"wp:term":[{"taxonomy":"category","embeddable":true,"href":"https:\/\/www.sudoestehoje.com.br\/novoportal\/wp-json\/wp\/v2\/categories?post=119930"},{"taxonomy":"post_tag","embeddable":true,"href":"https:\/\/www.sudoestehoje.com.br\/novoportal\/wp-json\/wp\/v2\/tags?post=119930"}],"curies":[{"name":"wp","href":"https:\/\/api.w.org\/{rel}","templated":true}]}}