
{"id":119910,"date":"2024-12-11T09:20:04","date_gmt":"2024-12-11T12:20:04","guid":{"rendered":"https:\/\/www.sudoestehoje.com.br\/novoportal\/?p=119910"},"modified":"2024-12-11T18:40:30","modified_gmt":"2024-12-11T21:40:30","slug":"quentinhas-ministerio-publico-pede-cassacao-do-diploma-de-diga-diga","status":"publish","type":"post","link":"https:\/\/www.sudoestehoje.com.br\/novoportal\/2024\/12\/11\/quentinhas-ministerio-publico-pede-cassacao-do-diploma-de-diga-diga\/","title":{"rendered":"QUENTINHAS | MINIST\u00c9RIO P\u00daBLICO PEDE CASSA\u00c7\u00c3O DO DIPLOMA DE DIGA DIGA"},"content":{"rendered":"<p><img loading=\"lazy\" decoding=\"async\" class=\"alignnone wp-image-119912\" src=\"https:\/\/www.sudoestehoje.com.br\/novoportal\/wp-content\/uploads\/2024\/12\/b087fbc9-7971-44c9-b854-e0a5545b1623.jpg\" alt=\"\" width=\"550\" height=\"345\"><\/p>\n<p><strong>CASSA\u00c7\u00c3O DO REGISTRO DE DIGA DIGA<\/strong><\/p>\n<p><strong>Diplomado como vereador eleito pelo PSD, na \u00faltima segunda-feira (9), o ex-edil Diga Diga, que acabou sendo preso pala Pol\u00edcia Federal no \u00e2mbito da Opera\u00e7\u00e3o Overclean, tem dois problemas muito complexos para solucionar: o primeiro \u00e9 sair da cadeia e o segundo \u00e9 se defender na a\u00e7\u00e3o proposta pelo Minist\u00e9rio P\u00fablico Eleitoral, que pede a cassa\u00e7\u00e3o do seu diploma de vereador, motivada pelos in\u00fameros processos criminais a que responde, condenado em alguns deles.<\/strong><\/p>\n<p><strong>PROCESSO DE SIBELE NERY E CUSPARADA PESARAM<\/strong><\/p>\n<p><strong>Dentre os processos criminais que dever\u00e3o pesar na prov\u00e1vel cassa\u00e7\u00e3o do diploma de Diga Diga, est\u00e3o o da &#8216;cusparada&#8217; contra o servidor Mois\u00e9s e o relacionado \u00e0 difama\u00e7\u00e3o, cal\u00fania e inj\u00faria contra a vereadora do PT Sibele Nery (PT), que n\u00e3o aliviou para o seu ex-correligion\u00e1rio. H\u00e1 quem aposte que Diga Diga ter\u00e1 o diploma cassado, antes mesmo da posse, em 1\u00ba de janeiro pr\u00f3ximo. Vai todo&#8230;<\/strong><\/p>\n<p><strong>VOTOS PODER\u00c3O SER ANULADOS<\/strong><\/p>\n<p><strong>Caso o diploma seja cassado, os votos obtidos por Diga Diga poder\u00e3o ser anulados, alterando a composi\u00e7\u00e3o dos eleitos pelo PSD, que ficar\u00e1 com apenas 2 vereadores. Se isto acontecer, assume outro candidato que n\u00e3o conseguiu se eleger, atrav\u00e9s de novo c\u00e1lculo a ser realizado pelo TSE. Caso os votos sejam considerados v\u00e1lidos, assume o vereador Valdeir Chagas, 1\u00ba suplente do PSD, lamentavelmente.<\/strong><\/p>\n<p><strong>SUPLENTE DO PSB NA EXPECTATIVA<\/strong><\/p>\n<p><strong>O vereador Geg\u00ea (PSB) est\u00e1 na expectativa de assumir a vaga na c\u00e2mara, caso a cassa\u00e7\u00e3o do diploma de Diga Diga seja confirmada. O suplente do PSD se baseia em c\u00e1lculos n\u00e3o oficiais, que costumam ser imprecisos e precisam ser confirmados pelo TSE. Outro fator \u00e9 a demora no julgamento deste tipo de a\u00e7\u00e3o e seus recursos nas v\u00e1rias esferas do judici\u00e1rio, que podem se arrastar durante muito tempo. Mas se o diploma for cassado em tempo h\u00e1bil, Geg\u00ea toma posse.<\/strong><\/p>\n<p><strong>DIGA DIGA ESTAVA INELEG\u00cdVEL, SEGUNDO O MPE<\/strong><\/p>\n<p><strong>De acordo com a promotora eleitoral, Dra. Solange Anat\u00f3lio, na sua representa\u00e7\u00e3o, Diga Diga j\u00e1 estaria ineleg\u00edvel e n\u00e3o poderia se candidatar neste pleito. Por algum erro de comunica\u00e7\u00e3o entre os sistemas do judici\u00e1rio, a certid\u00e3o de regularidade acabou sendo expedida, possibilitando o registro da sua candidatura. Algu\u00e9m &#8216;comeu mosca&#8217; ou&#8230; <\/strong><\/p>\n","protected":false},"excerpt":{"rendered":"<p>CASSA\u00c7\u00c3O DO REGISTRO DE DIGA DIGA Diplomado como vereador eleito pelo PSD, na \u00faltima segunda-feira (9), o ex-edil Diga Diga, que acabou sendo preso pala Pol\u00edcia Federal no \u00e2mbito da Opera\u00e7\u00e3o Overclean, tem dois problemas muito complexos para solucionar: o primeiro \u00e9 sair da cadeia e o segundo \u00e9 se defender na a\u00e7\u00e3o proposta pelo [&hellip;]<\/p>\n","protected":false},"author":2,"featured_media":119912,"comment_status":"closed","ping_status":"open","sticky":false,"template":"","format":"standard","meta":{"footnotes":"","_links_to":"","_links_to_target":""},"categories":[1],"tags":[],"class_list":["post-119910","post","type-post","status-publish","format-standard","has-post-thumbnail","hentry","category-geral"],"views":1620,"_links":{"self":[{"href":"https:\/\/www.sudoestehoje.com.br\/novoportal\/wp-json\/wp\/v2\/posts\/119910","targetHints":{"allow":["GET"]}}],"collection":[{"href":"https:\/\/www.sudoestehoje.com.br\/novoportal\/wp-json\/wp\/v2\/posts"}],"about":[{"href":"https:\/\/www.sudoestehoje.com.br\/novoportal\/wp-json\/wp\/v2\/types\/post"}],"author":[{"embeddable":true,"href":"https:\/\/www.sudoestehoje.com.br\/novoportal\/wp-json\/wp\/v2\/users\/2"}],"replies":[{"embeddable":true,"href":"https:\/\/www.sudoestehoje.com.br\/novoportal\/wp-json\/wp\/v2\/comments?post=119910"}],"version-history":[{"count":8,"href":"https:\/\/www.sudoestehoje.com.br\/novoportal\/wp-json\/wp\/v2\/posts\/119910\/revisions"}],"predecessor-version":[{"id":119929,"href":"https:\/\/www.sudoestehoje.com.br\/novoportal\/wp-json\/wp\/v2\/posts\/119910\/revisions\/119929"}],"wp:featuredmedia":[{"embeddable":true,"href":"https:\/\/www.sudoestehoje.com.br\/novoportal\/wp-json\/wp\/v2\/media\/119912"}],"wp:attachment":[{"href":"https:\/\/www.sudoestehoje.com.br\/novoportal\/wp-json\/wp\/v2\/media?parent=119910"}],"wp:term":[{"taxonomy":"category","embeddable":true,"href":"https:\/\/www.sudoestehoje.com.br\/novoportal\/wp-json\/wp\/v2\/categories?post=119910"},{"taxonomy":"post_tag","embeddable":true,"href":"https:\/\/www.sudoestehoje.com.br\/novoportal\/wp-json\/wp\/v2\/tags?post=119910"}],"curies":[{"name":"wp","href":"https:\/\/api.w.org\/{rel}","templated":true}]}}